{"id":73664,"date":"2023-07-14T11:48:51","date_gmt":"2023-07-14T14:48:51","guid":{"rendered":"https:\/\/corrientesdetarde.com\/?p=73664"},"modified":"2023-07-14T11:49:12","modified_gmt":"2023-07-14T14:49:12","slug":"triquinosis-en-neuquen-un-persona-internada-y-ocho-tienen-sintomas","status":"publish","type":"post","link":"https:\/\/corrientesdetarde.com\/index.php\/informacion-general\/triquinosis-en-neuquen-un-persona-internada-y-ocho-tienen-sintomas\/","title":{"rendered":"Triquinosis en Neuqu\u00e9n: un persona internada y ocho tienen s\u00edntomas."},"content":{"rendered":"\n<h2 class=\"wp-block-heading\">El Ministerio de Salud provincial inform\u00f3 que los afectados comenzaron a presentar s\u00edntomas tras consumir carne de cerdo.<\/h2>\n\n\n\n<p>Una persona se encuentra internada y otras ocho est\u00e1n bajo seguimiento y control ambulatorio por presentar s\u00edntomas luego de haber consumido&nbsp;carne de cerdo con&nbsp;triquinosis&nbsp;en la localidad de&nbsp;Centenario, provincia de&nbsp;Neuqu\u00e9n.<\/p>\n\n\n\n<p>El Ministerio de Salud provincial inform\u00f3 que en total son 14 las personas que estuvieron expuestas a carne de cerdo con triquinosis, \u201ctras haber despostado y consumido chacinados y\/o salazones de elaboraci\u00f3n propia\u201d. Este grupo de personas est\u00e1 compuesto por tres menores y 11 adultos, de los cuales ocho presentaron s\u00edntomas y est\u00e1n bajo seguimiento y una se encuentra internada con cuidados generales. Mientras tanto, las cinco personas restantes no presentaron manifestaciones f\u00edsicas.<\/p>\n\n\n\n<p>A trav\u00e9s de un comunicado, la cartera sanitaria provincial indic\u00f3 que se pudo constatar esta situaci\u00f3n a partir de la investigaci\u00f3n del alimento al que estuvieron expuestas dichas personas, \u201cla cual devel\u00f3 la presencia de Trichinella\u201d.<\/p>\n\n\n\n<p>Las autoridades provinciales remarcaron que desde las primeras sospechas se llevaron las adelante acciones pertinentes, tanto por parte del personal de salud local como de las \u00e1reas de&nbsp;Epidemiolog\u00eda, Bromatolog\u00eda&nbsp;y&nbsp;Salud Ambiental&nbsp;de la cartera sanitaria y las Zonas Sanitarias Metropolitana y I. En este marco, desde el Ministerio de Salud contin\u00faan \u201ctrabajando en conjunto con otras instituciones encargadas de la sanidad animal y alimentaria en la investigaci\u00f3n que a\u00fan sigue su curso\u201d, agregaron.<\/p>\n\n\n\n<p>La triquinosis o trichinellosis es una enfermedad zoon\u00f3tica (transmitida de animales a humanos)&nbsp;que puede afectar a las personas que consumen carne cruda o mal cocida de cerdo, de animales silvestres como jabal\u00edes o pumas, o de&nbsp;fiambres, chacinados&nbsp;y&nbsp;embutidos&nbsp;de origen desconocido o sin el control sanitario adecuado.<\/p>\n\n\n\n<figure class=\"wp-block-image\"><a href=\"https:\/\/www.radiosudamericana.com\/notix\/multimedia\/imagenes\/fotos\/2023-07-14\/831639.jpg\"><img decoding=\"async\" src=\"https:\/\/www.radiosudamericana.com\/notix\/multimedia\/imagenes\/fotos\/2023-07-14\/831639.jpg_nota.jpg\" alt=\"\"\/><\/a><\/figure>\n\n\n\n<p>Se transmite a trav\u00e9s de las larvas del par\u00e1sito&nbsp;Trichinella spp.&nbsp;que se aloja en el m\u00fasculo de los animales y no les da s\u00edntomas. Si bien en Argentina los cerdos dom\u00e9sticos son la principal fuente de infecci\u00f3n, tambi\u00e9n se han registrado casos producidos por el consumo de otras especies silvestres.<\/p>\n\n\n\n<p>Las personas se enferman al consumir carne fresca insuficientemente cocida o derivados, sin estudios o incorrectamente analizadas para su apto consumo. \u201cEs importante destacar que los cerdos parasitados no presentan signos de enfermedad ni su carne muestra cambios en su aspecto (color, olor o sabor), por lo que la triquinosis no puede evidenciarse a simple vista en el campo ni en los productos alimenticios derivados\u201d, inform\u00f3 el Ministerio de Salud de Neuqu\u00e9n.<\/p>\n\n\n\n<p>En este contexto, desde el organismo provincial, recomendaron \u201cevitar la compra de productos elaborados con cerdo o de algunos animales silvestres (chorizos, salamines y todo producto que se consuma sin cocci\u00f3n), que no tengan etiqueta de origen y habilitaci\u00f3n bromatol\u00f3gica\u201d. \u201cEn caso de realizar una producci\u00f3n propia de chacinados y otros derivados es necesario consultar el listado de profesionales veterinarios que efect\u00faen diagn\u00f3stico de triquinosis en el Colegio M\u00e9dico Veterinario de la Provincia del Neuqu\u00e9n\u201d, concluy\u00f3 la cartera sanitaria.<\/p>\n\n\n\n<p><strong>\u00bfCu\u00e1les son los s\u00edntomas de la triquinosis?<\/strong><\/p>\n\n\n\n<p>El cuadro cl\u00ednico de la triquinosis es muy variable en los seres humanos. Se puede presentar desde una infecci\u00f3n asintom\u00e1tica hasta una enfermedad grave.<\/p>\n\n\n\n<p>\u201cEn las personas se puede producir una&nbsp;sintomatolog\u00eda inespec\u00edfica, parecida a una gripe, con s\u00edntomas gastrointestinales, fiebre, v\u00f3mitos, diarrea, dolores musculares, entre otros\u201d, se\u00f1al\u00f3 recientemente&nbsp;Tatiana Aronowicz,&nbsp;m\u00e9dica veterinaria del \u00e1rea de Zoonosis de la Direcci\u00f3n Nacional de Sanidad Animal del&nbsp;Servicio Nacional de Sanidad y Calidad Agroalimentaria&nbsp;(Senasa) cuando se conmemor\u00f3 la semana de la lucha contra esta patolog\u00eda en el mes de mayo.<\/p>\n\n\n\n<p>La especialista remarc\u00f3 que \u201ces importante asociar lo que uno consume con esos s\u00edntomas y concurrir al centro m\u00e9dico m\u00e1s cercano\u201d. Porque cuanto antes se detecte, hay m\u00e1s posibilidades de controlar la enfermedad.<\/p>\n\n\n\n<p>Asimismo, es fundamental que aquellas personas que se dediquen a la cr\u00eda de animales \u201clos mantengan en sus establecimientos en las condiciones higi\u00e9nicas adecuadas y una correcta alimentaci\u00f3n\u201d. Esto se debe a que la triquinosis no se contagia de porcino a porcino, sino que el animal puede contraer la enfermedad a trav\u00e9s de lo que come.<\/p>\n\n\n\n<p>Otro aspecto relevante es \u201cpoder controlar y evitar en los establecimientos el ingreso de roedores, ya que pueden contener&nbsp;larvas de trichinella que ingiere el cerdo\u201d, afirm\u00f3&nbsp;Mariana Barros, m\u00e9dica veterinaria&nbsp;de la Coordinaci\u00f3n de Agricultura Familiar del Senasa.<\/p>\n\n\n\n<p><em>Fuente: Infobae.<\/em><\/p>\n","protected":false},"excerpt":{"rendered":"<p>El Ministerio de Salud provincial inform\u00f3 que los afectados comenzaron a presentar s\u00edntomas tras consumir carne de cerdo. Una persona se encuentra internada y otras ocho est\u00e1n bajo seguimiento y&hellip; <\/p>\n","protected":false},"author":6,"featured_media":73665,"comment_status":"closed","ping_status":"open","sticky":false,"template":"","format":"standard","meta":{"footnotes":""},"categories":[1],"tags":[],"class_list":["post-73664","post","type-post","status-publish","format-standard","has-post-thumbnail","hentry","category-informacion-general"],"_links":{"self":[{"href":"https:\/\/corrientesdetarde.com\/index.php\/wp-json\/wp\/v2\/posts\/73664","targetHints":{"allow":["GET"]}}],"collection":[{"href":"https:\/\/corrientesdetarde.com\/index.php\/wp-json\/wp\/v2\/posts"}],"about":[{"href":"https:\/\/corrientesdetarde.com\/index.php\/wp-json\/wp\/v2\/types\/post"}],"author":[{"embeddable":true,"href":"https:\/\/corrientesdetarde.com\/index.php\/wp-json\/wp\/v2\/users\/6"}],"replies":[{"embeddable":true,"href":"https:\/\/corrientesdetarde.com\/index.php\/wp-json\/wp\/v2\/comments?post=73664"}],"version-history":[{"count":1,"href":"https:\/\/corrientesdetarde.com\/index.php\/wp-json\/wp\/v2\/posts\/73664\/revisions"}],"predecessor-version":[{"id":73666,"href":"https:\/\/corrientesdetarde.com\/index.php\/wp-json\/wp\/v2\/posts\/73664\/revisions\/73666"}],"wp:featuredmedia":[{"embeddable":true,"href":"https:\/\/corrientesdetarde.com\/index.php\/wp-json\/wp\/v2\/media\/73665"}],"wp:attachment":[{"href":"https:\/\/corrientesdetarde.com\/index.php\/wp-json\/wp\/v2\/media?parent=73664"}],"wp:term":[{"taxonomy":"category","embeddable":true,"href":"https:\/\/corrientesdetarde.com\/index.php\/wp-json\/wp\/v2\/categories?post=73664"},{"taxonomy":"post_tag","embeddable":true,"href":"https:\/\/corrientesdetarde.com\/index.php\/wp-json\/wp\/v2\/tags?post=73664"}],"curies":[{"name":"wp","href":"https:\/\/api.w.org\/{rel}","templated":true}]}}