{"id":73669,"date":"2023-07-14T12:01:29","date_gmt":"2023-07-14T15:01:29","guid":{"rendered":"https:\/\/corrientesdetarde.com\/?p=73669"},"modified":"2023-07-14T12:01:34","modified_gmt":"2023-07-14T15:01:34","slug":"caso-cecilia-pediran-anular-la-prueba-de-la-sangre-en-los-muebles","status":"publish","type":"post","link":"https:\/\/corrientesdetarde.com\/index.php\/crimen-y-justicia\/caso-cecilia-pediran-anular-la-prueba-de-la-sangre-en-los-muebles\/","title":{"rendered":"Caso Cecilia: Pedir\u00e1n anular la prueba de la sangre en los muebles."},"content":{"rendered":"\n<h2 class=\"wp-block-heading\">El abogado de la familia dijo que junto a su equipo analizar\u00e1n c\u00f3mo se obtuvieron las manchas de sangre y si se cumplieron todos los pasos procesales.<\/h2>\n\n\n\n<p>El abogado de Emerenciano y C\u00e9sar Sena,&nbsp;<strong>Ricardo Osuna<\/strong>, adelant\u00f3 que junto a su equipo&nbsp;<strong>pedir\u00e1n la nulidad<\/strong>&nbsp;de la prueba conformada por el resultado positivo del ADN en la sangre recolectada del colch\u00f3n y muebles que fueron removidos de la casa de los Sena en los d\u00edas posteriores al asesinato de Strzyzowski.<\/p>\n\n\n\n<figure class=\"wp-block-image\"><a href=\"https:\/\/www.radiosudamericana.com\/notix\/multimedia\/imagenes\/fotos\/2023-07-14\/569141.jpg\"><img decoding=\"async\" src=\"https:\/\/www.radiosudamericana.com\/notix\/multimedia\/imagenes\/fotos\/2023-07-14\/569141.jpg_nota.jpg\" alt=\"\"\/><\/a><\/figure>\n\n\n\n<p>La estrategia del abogado consiste en buscar una aguja dentro del pajar. En sus declaraciones afirm\u00f3 que analizar\u00e1n\u00a0c\u00f3mo el<strong>\u00a0Ministerio P\u00fablico Fiscal obtuvo esa prueba, y de d\u00f3nde surgi\u00f3<\/strong>.\u00a0Adem\u00e1s, indic\u00f3 que ya plantearon la nulidad de la declaraci\u00f3n testimonial que el fiscal Jorge C\u00e1ceres Olivera le tom\u00f3 a Marcela Acu\u00f1a y a C\u00e9sar Sena el pasado jueves 8 de junio, en la Comisar\u00eda Tercera de Resistencia,\u00a0<strong>cuando todav\u00eda no hab\u00edan detenidos ni imputados<\/strong>.<\/p>\n\n\n\n<p>Respecto a la confirmaci\u00f3n cient\u00edfica difundida este jueves sobre el ADN de Strzyzowski en los muebles secuestrados de una casa en el barrio Emerenciano, y que habr\u00edan sido donados por Marcela Acu\u00f1a seg\u00fan declararon los detenidos, Osuna dijo:&nbsp;<strong>&#8220;A mi nadie me dijo -sobre la pertenencia de los muebles a la familia Sena-, yo le pregunt\u00e9 a C\u00e9sar y, lo que estaba en la casa, estaba en la casa&#8221;.<\/strong><\/p>\n\n\n\n<p>Luego, detall\u00f3: &#8220;Eso no estaba en la casa.&nbsp;<strong>Si no estaba en la casa, no le pertenece. La posesi\u00f3n vale t\u00edtulo.<\/strong>&nbsp;A mi no me consta, yo le pregunt\u00e9 a C\u00e9sar si \u00e9l ten\u00eda conocimiento de un colch\u00f3n y de un mueble que haya sacado de la casa, y\u2026 -dio a entender que la respuesta fue negativa-&#8220;.<\/p>\n\n\n\n<figure class=\"wp-block-image\"><a href=\"https:\/\/www.radiosudamericana.com\/notix\/multimedia\/imagenes\/fotos\/2023-07-14\/709737.jpg\"><img decoding=\"async\" src=\"https:\/\/www.radiosudamericana.com\/notix\/multimedia\/imagenes\/fotos\/2023-07-14\/709737.jpg_nota.jpg\" alt=\"\"\/><\/a><\/figure>\n\n\n\n<p>Por \u00faltimo, se\u00f1al\u00f3:&nbsp;&#8220;A m\u00ed, mi defendido no me hizo menci\u00f3n de que se hayan sacado esos objetos de la habitaci\u00f3n de la casa de ellos&#8221;.<\/p>\n\n\n\n<p>Esta es una de las estrategias defensivas de Osuna para tratar de beneficiar a C\u00e9sar y a Emerenciano. Seg\u00fan afirm\u00f3 en reiteradas ocasiones, el Equipo Fiscal Especial no conserva pruebas suficientes para mantener en prisi\u00f3n a ambos, y tampoco &#8220;tiene por acreditado&#8221; que Cecilia Strzyzowski est\u00e9 muerta.<\/p>\n\n\n\n<p><em>Fuente: Diario Chaco.<\/em><\/p>\n","protected":false},"excerpt":{"rendered":"<p>El abogado de la familia dijo que junto a su equipo analizar\u00e1n c\u00f3mo se obtuvieron las manchas de sangre y si se cumplieron todos los pasos procesales. El abogado de&hellip; <\/p>\n","protected":false},"author":6,"featured_media":73673,"comment_status":"closed","ping_status":"open","sticky":false,"template":"","format":"standard","meta":{"footnotes":""},"categories":[5],"tags":[],"class_list":["post-73669","post","type-post","status-publish","format-standard","has-post-thumbnail","hentry","category-crimen-y-justicia"],"_links":{"self":[{"href":"https:\/\/corrientesdetarde.com\/index.php\/wp-json\/wp\/v2\/posts\/73669","targetHints":{"allow":["GET"]}}],"collection":[{"href":"https:\/\/corrientesdetarde.com\/index.php\/wp-json\/wp\/v2\/posts"}],"about":[{"href":"https:\/\/corrientesdetarde.com\/index.php\/wp-json\/wp\/v2\/types\/post"}],"author":[{"embeddable":true,"href":"https:\/\/corrientesdetarde.com\/index.php\/wp-json\/wp\/v2\/users\/6"}],"replies":[{"embeddable":true,"href":"https:\/\/corrientesdetarde.com\/index.php\/wp-json\/wp\/v2\/comments?post=73669"}],"version-history":[{"count":1,"href":"https:\/\/corrientesdetarde.com\/index.php\/wp-json\/wp\/v2\/posts\/73669\/revisions"}],"predecessor-version":[{"id":73674,"href":"https:\/\/corrientesdetarde.com\/index.php\/wp-json\/wp\/v2\/posts\/73669\/revisions\/73674"}],"wp:featuredmedia":[{"embeddable":true,"href":"https:\/\/corrientesdetarde.com\/index.php\/wp-json\/wp\/v2\/media\/73673"}],"wp:attachment":[{"href":"https:\/\/corrientesdetarde.com\/index.php\/wp-json\/wp\/v2\/media?parent=73669"}],"wp:term":[{"taxonomy":"category","embeddable":true,"href":"https:\/\/corrientesdetarde.com\/index.php\/wp-json\/wp\/v2\/categories?post=73669"},{"taxonomy":"post_tag","embeddable":true,"href":"https:\/\/corrientesdetarde.com\/index.php\/wp-json\/wp\/v2\/tags?post=73669"}],"curies":[{"name":"wp","href":"https:\/\/api.w.org\/{rel}","templated":true}]}}