{"id":73670,"date":"2023-07-14T11:59:23","date_gmt":"2023-07-14T14:59:23","guid":{"rendered":"https:\/\/corrientesdetarde.com\/?p=73670"},"modified":"2023-07-14T11:59:44","modified_gmt":"2023-07-14T14:59:44","slug":"karol-g-estreno-nuevo-tema-basado-en-un-salmo-de-la-biblia","status":"publish","type":"post","link":"https:\/\/corrientesdetarde.com\/index.php\/espectaculos\/karol-g-estreno-nuevo-tema-basado-en-un-salmo-de-la-biblia\/","title":{"rendered":"Karol G estren\u00f3 nuevo tema basado en un salmo de la Biblia."},"content":{"rendered":"\n<h2 class=\"wp-block-heading\">La cantante anunci\u00f3 la salida de una nueva canci\u00f3n en sus redes sociales y caus\u00f3 una revoluci\u00f3n entre sus seguidores.<\/h2>\n\n\n\n<p>Karol G,\u00a0una de las cantantes m\u00e1s escuchadas del mundo, public\u00f3 una nueva canci\u00f3n<strong>\u00a0llamada \u201cS91\u2033<\/strong>. El anuncio se conoci\u00f3 hace unos d\u00edas en su cuenta de Instagram y sorprendi\u00f3 a todos sus seguidores. Para presentarlo, la artista colombiana sac\u00f3 su lado espiritual en el posteo, pero no parece tener mucho que ver con la letra de la canci\u00f3n.<\/p>\n\n\n\n<p>\u201cCuando estamos en una situaci\u00f3n dif\u00edcil, dolorosa, inc\u00f3moda, la evitamos, no la aceptamos, nos oponemos, cuando en realidad a veces s\u00f3lo deber\u00edamos dejarnos l<strong>levar porque Dios, el universo o en lo que sea que t\u00fa creas, tiene un plan mucho mejor.<\/strong>&nbsp;Enf\u00f3cate en ti y en tus fortalezas, lo dem\u00e1s son cosas que aparecen en la v\u00eda, que cuando las pasas ellas se quedan ahi, en el camino\u201d, puso finalmente al presentar el tema.<\/p>\n\n\n\n<figure class=\"wp-block-image\"><img decoding=\"async\" src=\"https:\/\/tn.com.ar\/resizer\/D2I09UBsUKP4ym09vAmHSBg-MfA=\/767x0\/smart\/filters:format(webp)\/cloudfront-us-east-1.images.arcpublishing.com\/artear\/F6BLK2JYBREMXMUTGXRZS2QWXY.JPG\" alt=\"Karol G estren\u00f3 nuevo tema basado en un salmo de la Biblia y levant\u00f3 pol\u00e9mica\"\/><\/figure>\n\n\n\n<h2 class=\"wp-block-heading\">El significado de \u201cS91\u2033 de Karol G<\/h2>\n\n\n\n<p>El nombre del tema hace referencia al Salmo 91 de la Biblia, que pone a Dios como refugio ante cualquier situaci\u00f3n y muestra a los cristianos que pueden confiar en \u00e9l. Es una carta de amor a todas aquellas personas que Karol G<strong>&nbsp;ama y que quiere proteger.<\/strong><\/p>\n\n\n\n<p>El Salmo 91 trata sobre la protecci\u00f3n y seguridad, el salmista declara su<strong>&nbsp;confianza en Dios como refugio y fortaleza.<\/strong>&nbsp;Una protecci\u00f3n divina contra enfermedades, desastres naturales, peligros nocturnos y ataques enemigos.<\/p>\n\n\n\n<p>\u201cT\u00fa que habitas al amparo del Alt\u00edsimo y resides a la sombra del Omnipotente, dile al Se\u00f1or: \u2018Mi amparo, mi refugio, mi Dios, en quien yo pongo mi confianza\u2019. El te librar\u00e1 del lazo del cazador y del azote de la desgracia te cubrir\u00e1 con sus plumas y hallar\u00e1s bajo sus alas un refugio\u201d, arranca el salmo. Tanto jud\u00edos como cristianos usan este salmo como protecci\u00f3n antes de salir de su casa.<\/p>\n\n\n\n<p>Muchos seguidores se sientieron&nbsp;<strong>ofendidos<\/strong>&nbsp;por hacer referencia al libro sagrado, otros<strong>&nbsp;la defendieron<\/strong>. En los comentario del Instagram de Karol G puede leerse, por ejemplo: \u201cDios perd\u00f3nala, porque mira que usar un Salmo para alardear, tirar puyas y endiosarse &#8230; no creo que le guste mucho\u201d pero tambi\u00e9n: \u201cHay mucha gente ofendida por que ha utilizado un salmo para su canci\u00f3n. D\u00e9jenme decirles que hay muchas maneras de predicar la palabra de Dios y esta es una de ellas, gracias a ella tal vez una persona joven coja una biblia\u201d.<\/p>\n\n\n\n<p>Pero el principal problema ser\u00eda, seg\u00fan marcaron varios fans, que<strong>&nbsp;la letra de la canci\u00f3n no tiene nada que ver con el salmo en cuesti\u00f3n<\/strong>. \u00bfVos qu\u00e9 opin\u00e1s?<\/p>\n\n\n\n<h2 class=\"wp-block-heading\">Letra completa de \u201cS91\u2033 de Karol G<\/h2>\n\n\n\n<p>Hice un flow nuevo pa\u2019 que analicen<\/p>\n\n\n\n<p>Parto cada pa\u00eds que pise, desde que el avi\u00f3n aterrice<\/p>\n\n\n\n<p>Tengo a los m\u00edos felices, eso es lo que siempre quise<\/p>\n\n\n\n<p>Yo no tengo gente que me envidie, yo lo que tengo son aprendices<\/p>\n\n\n\n<p>Quieren ser como yo, ya los vi<\/p>\n\n\n\n<p>Pero el flow no est\u00e1 a la venta<\/p>\n\n\n\n<p>Yo lo siento, p\u0435ro el flow no est\u00e1 a la venta<\/p>\n\n\n\n<p>No, no s\u0435 vende ni se presta<\/p>\n\n\n\n<p>Desde lejos se los ve que quieren ser como yo, ya los vi<\/p>\n\n\n\n<p>Pero el flow no est\u00e1 a la venta<\/p>\n\n\n\n<p>Yo lo siento, pero el flow no est\u00e1 a la venta<\/p>\n\n\n\n<p>No, no se vende ni se presta<\/p>\n\n\n\n<p>La G est\u00e1 rompiendo en lo que se espera<\/p>\n\n\n\n<p>Y yo s\u00e9 que a muchos les desespera<\/p>\n\n\n\n<p>De to\u2019os los estilos, to\u2019as las maneras<\/p>\n\n\n\n<p>Parezco Goku con las siete esferas<\/p>\n\n\n\n<p>La paisa llevando la delantera<\/p>\n\n\n\n<p>Dej\u00e1ndola alta como quiera<\/p>\n\n\n\n<p>Tengo manes pele\u00e1ndose por m\u00ed<\/p>\n\n\n\n<p>S\u00ed, tambi\u00e9n las disqueras<\/p>\n\n\n\n<p>Y si les duele que la est\u00e9 rompiendo como se supone, pues mala m\u00eda<\/p>\n\n\n\n<p>Puedo vivir como cuatro vidas sin trabajar solo con mis regal\u00edas<\/p>\n\n\n\n<p>Tengo gente que no me cre\u00eda trabajando en mi compa\u00f1\u00eda<\/p>\n\n\n\n<p>Y mujeres que me dicen que por m\u00ed, de bando sin miedo se cambiar\u00edan<\/p>\n\n\n\n<p>La Bichota, la dura, la tipa, rompe el show hasta cantando con gripe<\/p>\n\n\n\n<p>Lleg\u00f3 a Espa\u00f1a y me dicen: \u201cT\u00eda, t\u00fa te mandas un flow de la hostia que flipas\u201d<\/p>\n\n\n\n<p>Siete-cero hace rato pas\u00e9, mi fandom y yo somos inseparables<\/p>\n\n\n\n<p>Me siento incre\u00edble, me siento imparable<\/p>\n\n\n\n<p>Quie-Quie-Quie-Quieren ser como yo, ya los vi<\/p>\n\n\n\n<p>Pero el flow no est\u00e1 a la venta<\/p>\n\n\n\n<p>Yo lo siento, pero el flow no est\u00e1 a la venta<\/p>\n\n\n\n<p>No, no se vende ni se presta (Desde lejos se los ve)<\/p>\n\n\n\n<p>Que quieren ser como yo, ya los vi<\/p>\n\n\n\n<p>Pero el flow no est\u00e1 a la venta<\/p>\n\n\n\n<p>Yo lo siento, pero el flow no est\u00e1 a la venta<\/p>\n\n\n\n<p>No, no se vende ni se presta<\/p>\n\n\n\n<h2 class=\"wp-block-heading\">Salmo 91 de la Biblia<\/h2>\n\n\n\n<p>T\u00fa que habitas al amparo del Alt\u00edsimo y resides a la sombra del Omnipotente,<\/p>\n\n\n\n<p>dile al Se\u00f1or: \u201cMi amparo, mi refugio, mi Dios, en quien yo pongo mi confianza\u201d.<\/p>\n\n\n\n<p>El te librar\u00e1 del lazo del cazador y del azote de la desgracia;<\/p>\n\n\n\n<p>te cubrir\u00e1 con sus plumas y hallar\u00e1s bajo sus alas un refugio.<\/p>\n\n\n\n<p>No temer\u00e1s los miedos de la noche ni la flecha disparada de d\u00eda,<\/p>\n\n\n\n<p>ni la peste que avanza en las tinieblas, ni la plaga que azota a pleno sol.<\/p>\n\n\n\n<p>Aunque caigan mil hombres a tu lado y diez mil, a tu derecha, t\u00fa estar\u00e1s fuera de peligro: su lealtad ser\u00e1 tu escudo y armadura.<\/p>\n\n\n\n<p>Basta que mires con tus ojos y ver\u00e1s c\u00f3mo se le paga al imp\u00edo.<\/p>\n\n\n\n<p>Pero t\u00fa dices: \u201cMi amparo es el Se\u00f1or\u201d, t\u00fa has hecho del Alt\u00edsimo tu asilo.<\/p>\n\n\n\n<p><strong>10.<\/strong>La\u00a0desgracia no te alcanzar\u00e1 ni la plaga se acercar\u00e1 a tu tienda:<\/p>\n\n\n\n<p>pues a los \u00e1ngeles les ha ordenado que te escolten en todos tus caminos.<\/p>\n\n\n\n<p>En sus manos te habr\u00e1n de sostener para que no tropiece tu pie en alguna piedra;<\/p>\n\n\n\n<p>andar\u00e1s sobre v\u00edboras y leones y pisar\u00e1s cachorros y dragones.<\/p>\n\n\n\n<p>Pues a m\u00ed se acogi\u00f3, lo librar\u00e9, lo proteger\u00e9, pues mi Nombre conoci\u00f3.<\/p>\n\n\n\n<p>Si me invoca, yo le responder\u00e9, y en la angustia estar\u00e9 junto a \u00e9l, lo salvar\u00e9, le rendir\u00e9 honores.<\/p>\n\n\n\n<p>Alargar\u00e9 sus d\u00edas como lo desea y har\u00e9 que pueda ver mi salvaci\u00f3n\u201d.<\/p>\n\n\n\n<p><\/p>\n\n\n\n<p><em>Fuente: Todo Noticias.<\/em><\/p>\n","protected":false},"excerpt":{"rendered":"<p>La cantante anunci\u00f3 la salida de una nueva canci\u00f3n en sus redes sociales y caus\u00f3 una revoluci\u00f3n entre sus seguidores. Karol G,\u00a0una de las cantantes m\u00e1s escuchadas del mundo, public\u00f3&hellip; <\/p>\n","protected":false},"author":6,"featured_media":73671,"comment_status":"closed","ping_status":"open","sticky":false,"template":"","format":"standard","meta":{"footnotes":""},"categories":[19],"tags":[],"class_list":["post-73670","post","type-post","status-publish","format-standard","has-post-thumbnail","hentry","category-espectaculos"],"_links":{"self":[{"href":"https:\/\/corrientesdetarde.com\/index.php\/wp-json\/wp\/v2\/posts\/73670","targetHints":{"allow":["GET"]}}],"collection":[{"href":"https:\/\/corrientesdetarde.com\/index.php\/wp-json\/wp\/v2\/posts"}],"about":[{"href":"https:\/\/corrientesdetarde.com\/index.php\/wp-json\/wp\/v2\/types\/post"}],"author":[{"embeddable":true,"href":"https:\/\/corrientesdetarde.com\/index.php\/wp-json\/wp\/v2\/users\/6"}],"replies":[{"embeddable":true,"href":"https:\/\/corrientesdetarde.com\/index.php\/wp-json\/wp\/v2\/comments?post=73670"}],"version-history":[{"count":1,"href":"https:\/\/corrientesdetarde.com\/index.php\/wp-json\/wp\/v2\/posts\/73670\/revisions"}],"predecessor-version":[{"id":73672,"href":"https:\/\/corrientesdetarde.com\/index.php\/wp-json\/wp\/v2\/posts\/73670\/revisions\/73672"}],"wp:featuredmedia":[{"embeddable":true,"href":"https:\/\/corrientesdetarde.com\/index.php\/wp-json\/wp\/v2\/media\/73671"}],"wp:attachment":[{"href":"https:\/\/corrientesdetarde.com\/index.php\/wp-json\/wp\/v2\/media?parent=73670"}],"wp:term":[{"taxonomy":"category","embeddable":true,"href":"https:\/\/corrientesdetarde.com\/index.php\/wp-json\/wp\/v2\/categories?post=73670"},{"taxonomy":"post_tag","embeddable":true,"href":"https:\/\/corrientesdetarde.com\/index.php\/wp-json\/wp\/v2\/tags?post=73670"}],"curies":[{"name":"wp","href":"https:\/\/api.w.org\/{rel}","templated":true}]}}