{"id":73682,"date":"2023-07-14T12:26:17","date_gmt":"2023-07-14T15:26:17","guid":{"rendered":"https:\/\/corrientesdetarde.com\/?p=73682"},"modified":"2023-07-14T12:26:38","modified_gmt":"2023-07-14T15:26:38","slug":"la-vicegobernacion-firmo-convenio-con-la-fundacion-taragui-pora","status":"publish","type":"post","link":"https:\/\/corrientesdetarde.com\/index.php\/locales\/la-vicegobernacion-firmo-convenio-con-la-fundacion-taragui-pora\/","title":{"rendered":"La Vicegobernaci\u00f3n firm\u00f3 convenio con la Fundaci\u00f3n Tarag\u00fc\u00ed Por\u00e1"},"content":{"rendered":"\n<p>El Vicegobernador Pedro Braillard Poccard firm\u00f3 este viernes un convenio marco con la Fundaci\u00f3n Tarag\u00fc\u00ed Por\u00e1, mediante este acuerdo ambas instituciones se comprometen a trabajar de manera conjunta para promover programas, proyectos y acciones relacionadas con el desarrollo urbano.<\/p>\n\n\n\n<figure class=\"wp-block-image size-large\"><img loading=\"lazy\" decoding=\"async\" width=\"1024\" height=\"683\" src=\"https:\/\/corrientesdetarde.com\/wp-content\/uploads\/2023\/07\/WhatsApp-Image-2023-07-14-at-12.22.57-1024x683.jpg\" alt=\"\" class=\"wp-image-73684\" srcset=\"https:\/\/corrientesdetarde.com\/wp-content\/uploads\/2023\/07\/WhatsApp-Image-2023-07-14-at-12.22.57-1024x683.jpg 1024w, https:\/\/corrientesdetarde.com\/wp-content\/uploads\/2023\/07\/WhatsApp-Image-2023-07-14-at-12.22.57-300x200.jpg 300w, https:\/\/corrientesdetarde.com\/wp-content\/uploads\/2023\/07\/WhatsApp-Image-2023-07-14-at-12.22.57-768x512.jpg 768w, https:\/\/corrientesdetarde.com\/wp-content\/uploads\/2023\/07\/WhatsApp-Image-2023-07-14-at-12.22.57-1536x1024.jpg 1536w, https:\/\/corrientesdetarde.com\/wp-content\/uploads\/2023\/07\/WhatsApp-Image-2023-07-14-at-12.22.57.jpg 1599w\" sizes=\"auto, (max-width: 1024px) 100vw, 1024px\" \/><\/figure>\n\n\n\n<p>La r\u00fabrica, que tuvo lugar en el Sal\u00f3n de Acuerdos del Palacio legislativo, la concretaron el Vicegobernador y el titular de la Fundaci\u00f3n, Patricio Pers\u00edncula, junto a referentes de la misma e integrantes del Consejo de Crecimiento Econ\u00f3mico y Desarrollo Social. En la oportunidad, se destac\u00f3 el inter\u00e9s por implementar proyectos en com\u00fan relacionados con el desarrollo urbano, la recuperaci\u00f3n y el embellecimiento de espacios p\u00fablicos, con perspectiva ecol\u00f3gica. De tal manera de abordar un diagn\u00f3stico integral de la situaci\u00f3n actual de la provincia, identificando los desaf\u00edos y oportunidades en relaci\u00f3n al Plan Estrat\u00e9gico Participativo 2030.<\/p>\n\n\n\n<p>La Fundaci\u00f3n Tarag\u00fc\u00ed Por\u00e1 cuenta con una trayectoria de diez a\u00f1os en la ciudad, se destaca por su labor en la promoci\u00f3n de la educaci\u00f3n y la formaci\u00f3n profesional, trabajando en conjunto y de manera articulada con las distintas instituciones del Estado en sus respectivos \u00e1mbitos, legislativos, ejecutivos y acad\u00e9micos.<\/p>\n\n\n\n<p>Actualmente cuenta con Sedes Regionales en diferentes localidades de la provincia desde donde desarrolla proyectos y programas destinados a mejorar la calidad de vida de las personas.<\/p>\n\n\n\n<figure class=\"wp-block-image size-large\"><img loading=\"lazy\" decoding=\"async\" width=\"1024\" height=\"683\" src=\"https:\/\/corrientesdetarde.com\/wp-content\/uploads\/2023\/07\/WhatsApp-Image-2023-07-14-at-12.22.24-1024x683.jpg\" alt=\"\" class=\"wp-image-73683\" srcset=\"https:\/\/corrientesdetarde.com\/wp-content\/uploads\/2023\/07\/WhatsApp-Image-2023-07-14-at-12.22.24-1024x683.jpg 1024w, https:\/\/corrientesdetarde.com\/wp-content\/uploads\/2023\/07\/WhatsApp-Image-2023-07-14-at-12.22.24-300x200.jpg 300w, https:\/\/corrientesdetarde.com\/wp-content\/uploads\/2023\/07\/WhatsApp-Image-2023-07-14-at-12.22.24-768x512.jpg 768w, https:\/\/corrientesdetarde.com\/wp-content\/uploads\/2023\/07\/WhatsApp-Image-2023-07-14-at-12.22.24-1536x1024.jpg 1536w, https:\/\/corrientesdetarde.com\/wp-content\/uploads\/2023\/07\/WhatsApp-Image-2023-07-14-at-12.22.24.jpg 1599w\" sizes=\"auto, (max-width: 1024px) 100vw, 1024px\" \/><\/figure>\n","protected":false},"excerpt":{"rendered":"<p>El Vicegobernador Pedro Braillard Poccard firm\u00f3 este viernes un convenio marco con la Fundaci\u00f3n Tarag\u00fc\u00ed Por\u00e1, mediante este acuerdo ambas instituciones se comprometen a trabajar de manera conjunta para promover&hellip; <\/p>\n","protected":false},"author":1,"featured_media":73685,"comment_status":"closed","ping_status":"open","sticky":false,"template":"","format":"standard","meta":{"footnotes":""},"categories":[8],"tags":[],"class_list":["post-73682","post","type-post","status-publish","format-standard","has-post-thumbnail","hentry","category-locales"],"_links":{"self":[{"href":"https:\/\/corrientesdetarde.com\/index.php\/wp-json\/wp\/v2\/posts\/73682","targetHints":{"allow":["GET"]}}],"collection":[{"href":"https:\/\/corrientesdetarde.com\/index.php\/wp-json\/wp\/v2\/posts"}],"about":[{"href":"https:\/\/corrientesdetarde.com\/index.php\/wp-json\/wp\/v2\/types\/post"}],"author":[{"embeddable":true,"href":"https:\/\/corrientesdetarde.com\/index.php\/wp-json\/wp\/v2\/users\/1"}],"replies":[{"embeddable":true,"href":"https:\/\/corrientesdetarde.com\/index.php\/wp-json\/wp\/v2\/comments?post=73682"}],"version-history":[{"count":1,"href":"https:\/\/corrientesdetarde.com\/index.php\/wp-json\/wp\/v2\/posts\/73682\/revisions"}],"predecessor-version":[{"id":73686,"href":"https:\/\/corrientesdetarde.com\/index.php\/wp-json\/wp\/v2\/posts\/73682\/revisions\/73686"}],"wp:featuredmedia":[{"embeddable":true,"href":"https:\/\/corrientesdetarde.com\/index.php\/wp-json\/wp\/v2\/media\/73685"}],"wp:attachment":[{"href":"https:\/\/corrientesdetarde.com\/index.php\/wp-json\/wp\/v2\/media?parent=73682"}],"wp:term":[{"taxonomy":"category","embeddable":true,"href":"https:\/\/corrientesdetarde.com\/index.php\/wp-json\/wp\/v2\/categories?post=73682"},{"taxonomy":"post_tag","embeddable":true,"href":"https:\/\/corrientesdetarde.com\/index.php\/wp-json\/wp\/v2\/tags?post=73682"}],"curies":[{"name":"wp","href":"https:\/\/api.w.org\/{rel}","templated":true}]}}