{"id":73687,"date":"2023-07-14T13:41:38","date_gmt":"2023-07-14T16:41:38","guid":{"rendered":"https:\/\/corrientesdetarde.com\/?p=73687"},"modified":"2023-07-14T13:41:42","modified_gmt":"2023-07-14T16:41:42","slug":"continuaran-los-artesanos-en-la-feria-del-libro-y-tambien-expondran-en-el-paseo-ibera","status":"publish","type":"post","link":"https:\/\/corrientesdetarde.com\/index.php\/sociales\/continuaran-los-artesanos-en-la-feria-del-libro-y-tambien-expondran-en-el-paseo-ibera\/","title":{"rendered":"Continuar\u00e1n los artesanos en la Feria del Libro y tambi\u00e9n expondr\u00e1n en el Paseo Iber\u00e1"},"content":{"rendered":"\n<p>Con gran \u00e9xito contin\u00faan artesanos y emprendedores del Ministerio de Desarrollo Social participando de la Feria del Libro y se preparan para el domingo 16 en la Expo Emprendedora del Paseo Iber\u00e1 y Multiferia del Parque Eucaliptal en el B\u00b0 San Jer\u00f3nimo. La Direcci\u00f3n de comercializaci\u00f3n de este Ministerio tiene a su cargo la coordinaci\u00f3n de las Ferias.<\/p>\n\n\n\n<p>El Ministerio de Desarrollo Social participa de la Feria del Libro, con un stand institucional, con unos 25&nbsp;artesanos y emprendedores que exponen sus productos&nbsp;y adem\u00e1s espacios recreativos para los ni\u00f1os como Cine M\u00f3vil, juegos de ajedrez, de jenga, talleres creativos donde se ense\u00f1an a tejer entre otras actividades, tambi\u00e9n&nbsp;numerosos artistas locales que act\u00faan en el escenario y un patio de comidas.<\/p>\n\n\n\n<p>Por su parte, este&nbsp;s\u00e1bado 15&nbsp;y&nbsp;domingo 16&nbsp;de&nbsp;julio de&nbsp;16 a 22, en Paseo Iber\u00e1, ubicado debajo del Puente Gral. Manuel Belgrano en la intersecci\u00f3n de 3 de Abril y Costanera, m\u00e1s de trescientos&nbsp;artesanos,&nbsp;emprendedores gastron\u00f3micos y de reventa estar\u00e1n una vez m\u00e1s exponiendo sus&nbsp;productos textiles, tejidos, ornamentaciones para el hogar, viveristas, bijouterie, talabarter\u00eda, herrer\u00eda entre otros rubros.<\/p>\n\n\n\n<p>Asimismo, contar\u00e1 con patio de comida y la actuaci\u00f3n de los siguientes artistas el domingo.<\/p>\n\n\n\n<p>Y&nbsp;la multiferia de Emprendedores estar\u00e1 en el Parque El Eucaliptal sito en&nbsp;Av. Ra\u00fal Alfons\u00edn 5072 del B\u00b0 San Ger\u00f3nimo el domingo 16 de julio de 15 a 21, con unos 75 artesanos y emprendedores gastron\u00f3micos y&nbsp;de reventa.<\/p>\n\n\n\n<p><strong>Paseo San Luis<\/strong><\/p>\n\n\n\n<p>En Paseo San Luis ubicado en San Luis 680 este viernes 14 se contar\u00e1 con la actuaci\u00f3n de Carlos Bucci&nbsp;&nbsp;a partir de las 22, un ambiente muy agradable para pasarlo en familia o con amigos, mientras se disfruta de la gastronom\u00eda y la artesan\u00eda.<\/p>\n\n\n\n<figure class=\"wp-block-image size-large\"><img loading=\"lazy\" decoding=\"async\" width=\"1024\" height=\"768\" src=\"https:\/\/corrientesdetarde.com\/wp-content\/uploads\/2023\/07\/image-454-1024x768.png\" alt=\"\" class=\"wp-image-73688\" srcset=\"https:\/\/corrientesdetarde.com\/wp-content\/uploads\/2023\/07\/image-454-1024x768.png 1024w, https:\/\/corrientesdetarde.com\/wp-content\/uploads\/2023\/07\/image-454-300x225.png 300w, https:\/\/corrientesdetarde.com\/wp-content\/uploads\/2023\/07\/image-454-768x576.png 768w, https:\/\/corrientesdetarde.com\/wp-content\/uploads\/2023\/07\/image-454-1536x1152.png 1536w, https:\/\/corrientesdetarde.com\/wp-content\/uploads\/2023\/07\/image-454.png 2048w\" sizes=\"auto, (max-width: 1024px) 100vw, 1024px\" \/><\/figure>\n\n\n\n<figure class=\"wp-block-image size-large\"><img loading=\"lazy\" decoding=\"async\" width=\"1024\" height=\"768\" src=\"https:\/\/corrientesdetarde.com\/wp-content\/uploads\/2023\/07\/image-455-1024x768.png\" alt=\"\" class=\"wp-image-73689\" srcset=\"https:\/\/corrientesdetarde.com\/wp-content\/uploads\/2023\/07\/image-455-1024x768.png 1024w, https:\/\/corrientesdetarde.com\/wp-content\/uploads\/2023\/07\/image-455-300x225.png 300w, https:\/\/corrientesdetarde.com\/wp-content\/uploads\/2023\/07\/image-455-768x576.png 768w, https:\/\/corrientesdetarde.com\/wp-content\/uploads\/2023\/07\/image-455-1536x1152.png 1536w, https:\/\/corrientesdetarde.com\/wp-content\/uploads\/2023\/07\/image-455.png 2048w\" sizes=\"auto, (max-width: 1024px) 100vw, 1024px\" \/><\/figure>\n\n\n\n<figure class=\"wp-block-image size-large\"><img loading=\"lazy\" decoding=\"async\" width=\"1024\" height=\"768\" src=\"https:\/\/corrientesdetarde.com\/wp-content\/uploads\/2023\/07\/image-456-1024x768.png\" alt=\"\" class=\"wp-image-73690\" srcset=\"https:\/\/corrientesdetarde.com\/wp-content\/uploads\/2023\/07\/image-456-1024x768.png 1024w, https:\/\/corrientesdetarde.com\/wp-content\/uploads\/2023\/07\/image-456-300x225.png 300w, https:\/\/corrientesdetarde.com\/wp-content\/uploads\/2023\/07\/image-456-768x576.png 768w, https:\/\/corrientesdetarde.com\/wp-content\/uploads\/2023\/07\/image-456-1536x1152.png 1536w, https:\/\/corrientesdetarde.com\/wp-content\/uploads\/2023\/07\/image-456.png 2048w\" sizes=\"auto, (max-width: 1024px) 100vw, 1024px\" \/><\/figure>\n","protected":false},"excerpt":{"rendered":"<p>Con gran \u00e9xito contin\u00faan artesanos y emprendedores del Ministerio de Desarrollo Social participando de la Feria del Libro y se preparan para el domingo 16 en la Expo Emprendedora del&hellip; <\/p>\n","protected":false},"author":8,"featured_media":73691,"comment_status":"closed","ping_status":"open","sticky":false,"template":"","format":"standard","meta":{"footnotes":""},"categories":[17],"tags":[],"class_list":["post-73687","post","type-post","status-publish","format-standard","has-post-thumbnail","hentry","category-sociales"],"_links":{"self":[{"href":"https:\/\/corrientesdetarde.com\/index.php\/wp-json\/wp\/v2\/posts\/73687","targetHints":{"allow":["GET"]}}],"collection":[{"href":"https:\/\/corrientesdetarde.com\/index.php\/wp-json\/wp\/v2\/posts"}],"about":[{"href":"https:\/\/corrientesdetarde.com\/index.php\/wp-json\/wp\/v2\/types\/post"}],"author":[{"embeddable":true,"href":"https:\/\/corrientesdetarde.com\/index.php\/wp-json\/wp\/v2\/users\/8"}],"replies":[{"embeddable":true,"href":"https:\/\/corrientesdetarde.com\/index.php\/wp-json\/wp\/v2\/comments?post=73687"}],"version-history":[{"count":1,"href":"https:\/\/corrientesdetarde.com\/index.php\/wp-json\/wp\/v2\/posts\/73687\/revisions"}],"predecessor-version":[{"id":73692,"href":"https:\/\/corrientesdetarde.com\/index.php\/wp-json\/wp\/v2\/posts\/73687\/revisions\/73692"}],"wp:featuredmedia":[{"embeddable":true,"href":"https:\/\/corrientesdetarde.com\/index.php\/wp-json\/wp\/v2\/media\/73691"}],"wp:attachment":[{"href":"https:\/\/corrientesdetarde.com\/index.php\/wp-json\/wp\/v2\/media?parent=73687"}],"wp:term":[{"taxonomy":"category","embeddable":true,"href":"https:\/\/corrientesdetarde.com\/index.php\/wp-json\/wp\/v2\/categories?post=73687"},{"taxonomy":"post_tag","embeddable":true,"href":"https:\/\/corrientesdetarde.com\/index.php\/wp-json\/wp\/v2\/tags?post=73687"}],"curies":[{"name":"wp","href":"https:\/\/api.w.org\/{rel}","templated":true}]}}