{"id":73697,"date":"2023-07-14T13:47:55","date_gmt":"2023-07-14T16:47:55","guid":{"rendered":"https:\/\/corrientesdetarde.com\/?p=73697"},"modified":"2023-07-14T13:48:38","modified_gmt":"2023-07-14T16:48:38","slug":"se-presento-el-11-encuentro-de-jinetes-y-agrupaciones-tradicionalistas-de-yatay-ti-calle","status":"publish","type":"post","link":"https:\/\/corrientesdetarde.com\/index.php\/eventos\/se-presento-el-11-encuentro-de-jinetes-y-agrupaciones-tradicionalistas-de-yatay-ti-calle\/","title":{"rendered":"Se present\u00f3 el 11\u00b0 Encuentro de Jinetes y Agrupaciones Tradicionalistas de Yatay T\u00ed Calle"},"content":{"rendered":"\n<p>En el Sal\u00f3n Verde de la Gobernaci\u00f3n, se present\u00f3 este viernes, el 11\u00b0 Encuentro de Jinetes y Agrupaciones Tradicionalistas que se realizar\u00e1 el 23 de julio en Yatay T\u00ed Calle, en el Club Social y Deportivo. En la oportunidad sus organizadores brindaron detalles respecto a las actividades previstas, e invitaron a la comunidad a compartir esta jornada.<\/p>\n\n\n\n<p>Participaron de la presentaci\u00f3n el subsecretario de Desarrollo Tur\u00edstico Regional y Coordinaci\u00f3n de Eventos del Ministerio de Turismo la Provincia, Oscar Macias; el intendente de Yatay T\u00ed Calle, Aldo Sandoval; el concejal de Yatay T\u00ed Calle, Jos\u00e9 Luis Escobar; y el encargado de prensa de Yatay T\u00ed Calle, Benigno Obreg\u00f3n.<\/p>\n\n\n\n<p>Al expresarse, el subsecretario de Desarrollo Tur\u00edstico Regional y Coordinaci\u00f3n de Eventos del Ministerio de Turismo la Provincia, Oscar Macias, transmiti\u00f3 el saludo del Gobernador, Gustavo Vald\u00e9s, y de la ministra de Turismo, Alejandra Eliciri, dando la bienvenida a la delegaci\u00f3n de Yatay T\u00ed Calle.&nbsp;<\/p>\n\n\n\n<p>\u201cRealmente es algo espectacular como se revaloriza nuestra costumbre, nuestra tradici\u00f3n en este d\u00e9cimo primer Encuentro de Jinetes y Agrupaciones Tradicionalistas\u201d, declar\u00f3 el Subsecretario Macias y agreg\u00f3 que \u201ces lo m\u00e1s importante que tenemos nuestra cultura, nuestros gauchos, nuestras damas y poder defender toda nuestra tradici\u00f3n\u201d.<\/p>\n\n\n\n<p>Asimismo, Macias consider\u00f3 que \u201ctenemos que reivindicar a nuestro querido gaucho, con la estima de nuestros paisanos, creo que es el principal inter\u00e9s que tiene la municipalidad de Yatay Ti Calle\u201d, y seguidamente invit\u00f3 a a \u201cdisfrutar un hermoso d\u00eda donde puedan desarrollar y mostrar todas sus habilidades como paisanos, como gauchos, y como trabajadores de campo\u201d.<\/p>\n\n\n\n<p><strong>Intendente Sandoval<\/strong><\/p>\n\n\n\n<p>El intendente de Yatay T\u00ed Calle, Aldo Sandoval, expres\u00f3 que \u201cvenimos de muy lejos a presentar nuestra fiesta\u201d. Haciendo referencia a su localidad, dijo que \u201ces un pueblo en crecimiento, siempre apostando a nuestra juventud, a nuestras costumbres, para que nunca se pierda eso tan lindo del paisano y de las cosas criollas del lugar al que pertenecemos\u201d.<\/p>\n\n\n\n<p>Agradeci\u00f3 al gobernador Gustavo Vald\u00e9s \u201cpor estar presente en Yatay Ti Calle en cada obra y ejecuci\u00f3n que estamos haciendo, a pesar de la dif\u00edcil situaci\u00f3n que pasa el pa\u00eds\u201d. Por \u00faltimo, adelant\u00f3 que \u201cponemos toda nuestra organizaci\u00f3n a la espera de los que quieran visitar nuestro Municipio y con mucho orgullo los esperamos en esta 11\u00b0 Fiesta del Jinete Tradicionalista\u201d.<\/p>\n\n\n\n<p><strong>Actividades<\/strong><\/p>\n\n\n\n<p>Por su parte, el encargado de prensa del Municipio, Benigno Obreg\u00f3n, adelant\u00f3 que la masiva cabalgata se desarrollar\u00e1 a lo largo de la principal avenida del pueblo: \u201cDoctor Ricardo Alfons\u00edn\u201d, que se extiende por m\u00e1s de 10 cuadras.<\/p>\n\n\n\n<p>Posteriormente, las agrupaciones de jinetes se dirigir\u00e1n al Club Social y Deportivo Yatay T\u00ed Calle, para realizar la apertura protocolar del evento, para as\u00ed luego iniciar un almuerzo de camarader\u00eda con comidas t\u00edpicas y bailanta, donde no faltar\u00e1 la Cumbia y el Chamam\u00e9.<\/p>\n\n\n\n<p>En este marco, tambi\u00e9n se elegir\u00e1 a la Paisana y al Gaucho de la Fiesta, que representar\u00e1n al hombre y la mujer de campo.<\/p>\n\n\n\n<figure class=\"wp-block-image size-large\"><img loading=\"lazy\" decoding=\"async\" width=\"1024\" height=\"682\" src=\"https:\/\/corrientesdetarde.com\/wp-content\/uploads\/2023\/07\/image-458-1024x682.png\" alt=\"\" class=\"wp-image-73699\" srcset=\"https:\/\/corrientesdetarde.com\/wp-content\/uploads\/2023\/07\/image-458-1024x682.png 1024w, https:\/\/corrientesdetarde.com\/wp-content\/uploads\/2023\/07\/image-458-300x200.png 300w, https:\/\/corrientesdetarde.com\/wp-content\/uploads\/2023\/07\/image-458-768x512.png 768w, https:\/\/corrientesdetarde.com\/wp-content\/uploads\/2023\/07\/image-458-1536x1023.png 1536w, https:\/\/corrientesdetarde.com\/wp-content\/uploads\/2023\/07\/image-458.png 1600w\" sizes=\"auto, (max-width: 1024px) 100vw, 1024px\" \/><\/figure>\n\n\n\n<figure class=\"wp-block-image size-large\"><img loading=\"lazy\" decoding=\"async\" width=\"1024\" height=\"682\" src=\"https:\/\/corrientesdetarde.com\/wp-content\/uploads\/2023\/07\/image-459-1024x682.png\" alt=\"\" class=\"wp-image-73700\" srcset=\"https:\/\/corrientesdetarde.com\/wp-content\/uploads\/2023\/07\/image-459-1024x682.png 1024w, https:\/\/corrientesdetarde.com\/wp-content\/uploads\/2023\/07\/image-459-300x200.png 300w, https:\/\/corrientesdetarde.com\/wp-content\/uploads\/2023\/07\/image-459-768x512.png 768w, https:\/\/corrientesdetarde.com\/wp-content\/uploads\/2023\/07\/image-459-1536x1023.png 1536w, https:\/\/corrientesdetarde.com\/wp-content\/uploads\/2023\/07\/image-459.png 1600w\" sizes=\"auto, (max-width: 1024px) 100vw, 1024px\" \/><\/figure>\n\n\n\n<figure class=\"wp-block-image size-large\"><img loading=\"lazy\" decoding=\"async\" width=\"1024\" height=\"671\" src=\"https:\/\/corrientesdetarde.com\/wp-content\/uploads\/2023\/07\/image-460-1024x671.png\" alt=\"\" class=\"wp-image-73701\" srcset=\"https:\/\/corrientesdetarde.com\/wp-content\/uploads\/2023\/07\/image-460-1024x671.png 1024w, https:\/\/corrientesdetarde.com\/wp-content\/uploads\/2023\/07\/image-460-300x197.png 300w, https:\/\/corrientesdetarde.com\/wp-content\/uploads\/2023\/07\/image-460-768x503.png 768w, https:\/\/corrientesdetarde.com\/wp-content\/uploads\/2023\/07\/image-460.png 1522w\" sizes=\"auto, (max-width: 1024px) 100vw, 1024px\" \/><\/figure>\n\n\n\n<figure class=\"wp-block-image size-large\"><img loading=\"lazy\" decoding=\"async\" width=\"1024\" height=\"682\" src=\"https:\/\/corrientesdetarde.com\/wp-content\/uploads\/2023\/07\/image-461-1024x682.png\" alt=\"\" class=\"wp-image-73702\" srcset=\"https:\/\/corrientesdetarde.com\/wp-content\/uploads\/2023\/07\/image-461-1024x682.png 1024w, https:\/\/corrientesdetarde.com\/wp-content\/uploads\/2023\/07\/image-461-300x200.png 300w, https:\/\/corrientesdetarde.com\/wp-content\/uploads\/2023\/07\/image-461-768x512.png 768w, https:\/\/corrientesdetarde.com\/wp-content\/uploads\/2023\/07\/image-461-1536x1023.png 1536w, https:\/\/corrientesdetarde.com\/wp-content\/uploads\/2023\/07\/image-461.png 1600w\" sizes=\"auto, (max-width: 1024px) 100vw, 1024px\" \/><\/figure>\n\n\n\n<figure class=\"wp-block-image size-large\"><img loading=\"lazy\" decoding=\"async\" width=\"1024\" height=\"682\" src=\"https:\/\/corrientesdetarde.com\/wp-content\/uploads\/2023\/07\/image-462-1024x682.png\" alt=\"\" class=\"wp-image-73703\" srcset=\"https:\/\/corrientesdetarde.com\/wp-content\/uploads\/2023\/07\/image-462-1024x682.png 1024w, https:\/\/corrientesdetarde.com\/wp-content\/uploads\/2023\/07\/image-462-300x200.png 300w, https:\/\/corrientesdetarde.com\/wp-content\/uploads\/2023\/07\/image-462-768x512.png 768w, https:\/\/corrientesdetarde.com\/wp-content\/uploads\/2023\/07\/image-462-1536x1023.png 1536w, https:\/\/corrientesdetarde.com\/wp-content\/uploads\/2023\/07\/image-462.png 1600w\" sizes=\"auto, (max-width: 1024px) 100vw, 1024px\" \/><\/figure>\n","protected":false},"excerpt":{"rendered":"<p>En el Sal\u00f3n Verde de la Gobernaci\u00f3n, se present\u00f3 este viernes, el 11\u00b0 Encuentro de Jinetes y Agrupaciones Tradicionalistas que se realizar\u00e1 el 23 de julio en Yatay T\u00ed Calle,&hellip; <\/p>\n","protected":false},"author":8,"featured_media":73698,"comment_status":"closed","ping_status":"open","sticky":false,"template":"","format":"standard","meta":{"footnotes":""},"categories":[22],"tags":[],"class_list":["post-73697","post","type-post","status-publish","format-standard","has-post-thumbnail","hentry","category-eventos"],"_links":{"self":[{"href":"https:\/\/corrientesdetarde.com\/index.php\/wp-json\/wp\/v2\/posts\/73697","targetHints":{"allow":["GET"]}}],"collection":[{"href":"https:\/\/corrientesdetarde.com\/index.php\/wp-json\/wp\/v2\/posts"}],"about":[{"href":"https:\/\/corrientesdetarde.com\/index.php\/wp-json\/wp\/v2\/types\/post"}],"author":[{"embeddable":true,"href":"https:\/\/corrientesdetarde.com\/index.php\/wp-json\/wp\/v2\/users\/8"}],"replies":[{"embeddable":true,"href":"https:\/\/corrientesdetarde.com\/index.php\/wp-json\/wp\/v2\/comments?post=73697"}],"version-history":[{"count":2,"href":"https:\/\/corrientesdetarde.com\/index.php\/wp-json\/wp\/v2\/posts\/73697\/revisions"}],"predecessor-version":[{"id":73706,"href":"https:\/\/corrientesdetarde.com\/index.php\/wp-json\/wp\/v2\/posts\/73697\/revisions\/73706"}],"wp:featuredmedia":[{"embeddable":true,"href":"https:\/\/corrientesdetarde.com\/index.php\/wp-json\/wp\/v2\/media\/73698"}],"wp:attachment":[{"href":"https:\/\/corrientesdetarde.com\/index.php\/wp-json\/wp\/v2\/media?parent=73697"}],"wp:term":[{"taxonomy":"category","embeddable":true,"href":"https:\/\/corrientesdetarde.com\/index.php\/wp-json\/wp\/v2\/categories?post=73697"},{"taxonomy":"post_tag","embeddable":true,"href":"https:\/\/corrientesdetarde.com\/index.php\/wp-json\/wp\/v2\/tags?post=73697"}],"curies":[{"name":"wp","href":"https:\/\/api.w.org\/{rel}","templated":true}]}}