{"id":7379,"date":"2022-09-30T13:46:57","date_gmt":"2022-09-30T16:46:57","guid":{"rendered":"https:\/\/corrientesdetarde.com\/?p=7379"},"modified":"2022-09-30T13:47:00","modified_gmt":"2022-09-30T16:47:00","slug":"salud-presenta-la-campana-de-vacunacion-contra-sarampion-rubeola-paperas-y-poliomiellitis-2022","status":"publish","type":"post","link":"https:\/\/corrientesdetarde.com\/index.php\/informacion-general\/salud-presenta-la-campana-de-vacunacion-contra-sarampion-rubeola-paperas-y-poliomiellitis-2022\/","title":{"rendered":"Salud presenta la campa\u00f1a de Vacunaci\u00f3n contra Sarampi\u00f3n, Rube\u00f3la, Paperas y Poliomiellitis 2022"},"content":{"rendered":"\n<p><em>La apertura formal ser\u00e1 este lunes 3 de octubre a las 9 en el Jard\u00edn de Infantes de la escuela Normal Dr. Juan Pujol, en Mendoza 1250.<\/em><\/p>\n\n\n\n<p>Durante octubre el Gobierno provincial a trav\u00e9s del Ministerio de Salud P\u00fablica llevar\u00e1 adelante la Campa\u00f1a de Vacunaci\u00f3n contra Sarampi\u00f3n, Rub\u00e9ola, Paperas y Poliomielitis 2022. El lanzamiento formal en la capital ser\u00e1 este lunes 3 de octubre y se realizar\u00e1 junto con el Ministerio de Educaci\u00f3n de la Provincia.<\/p>\n\n\n\n<p>La apertura ser\u00e1 a las 9 en el Jard\u00edn de Infantes de la escuela Normal Dr. Juan Pujol, en Mendoza 1250.<\/p>\n\n\n\n<p>La directora de Inmunizaciones,&nbsp;Marina Cantero, explic\u00f3: \u201cTodos los ni\u00f1os de 13 meses a 4 a\u00f1os inclusive deben recibir una dosis adicional, gratuita y obligatoria de las vacunas Triple Viral y Antipoliomel\u00edtica, m\u00e1s all\u00e1 de las dosis recibidas previamente\u201d, precis\u00f3.<\/p>\n\n\n\n<p>\u201cEl Sarampi\u00f3n, la Rub\u00e9ola, las Paperas y la Poliomielitis son enfermedades que han sido eliminadas, es decir que ya no circulan dentro del pa\u00eds. Sin embargo, a\u00fan provocan brotes en otras partes del mundo. Con la dosis adicional de estas vacunas damos mayor protecci\u00f3n a los ni\u00f1os y evitamos estas enfermedades, finaliz\u00f3 Cantero.<\/p>\n\n\n\n<p>Las dosis estar\u00e1n disponibles en todos los vacunatorios de la Provincia.<\/p>\n\n\n\n<figure class=\"wp-block-image size-full\"><img decoding=\"async\" src=\"https:\/\/corrientesdetarde.com\/wp-content\/uploads\/2022\/09\/Captura-de-pantalla-2022-09-30-134545.png\" alt=\"\" class=\"wp-image-7440\"\/><\/figure>\n","protected":false},"excerpt":{"rendered":"<p>La apertura formal ser\u00e1 este lunes 3 de octubre a las 9 en el Jard\u00edn de Infantes de la escuela Normal Dr. Juan Pujol, en Mendoza 1250. Durante octubre el&hellip; <\/p>\n","protected":false},"author":4,"featured_media":0,"comment_status":"closed","ping_status":"open","sticky":false,"template":"","format":"standard","meta":{"footnotes":""},"categories":[1],"tags":[],"class_list":["post-7379","post","type-post","status-publish","format-standard","hentry","category-informacion-general"],"_links":{"self":[{"href":"https:\/\/corrientesdetarde.com\/index.php\/wp-json\/wp\/v2\/posts\/7379","targetHints":{"allow":["GET"]}}],"collection":[{"href":"https:\/\/corrientesdetarde.com\/index.php\/wp-json\/wp\/v2\/posts"}],"about":[{"href":"https:\/\/corrientesdetarde.com\/index.php\/wp-json\/wp\/v2\/types\/post"}],"author":[{"embeddable":true,"href":"https:\/\/corrientesdetarde.com\/index.php\/wp-json\/wp\/v2\/users\/4"}],"replies":[{"embeddable":true,"href":"https:\/\/corrientesdetarde.com\/index.php\/wp-json\/wp\/v2\/comments?post=7379"}],"version-history":[{"count":1,"href":"https:\/\/corrientesdetarde.com\/index.php\/wp-json\/wp\/v2\/posts\/7379\/revisions"}],"predecessor-version":[{"id":7441,"href":"https:\/\/corrientesdetarde.com\/index.php\/wp-json\/wp\/v2\/posts\/7379\/revisions\/7441"}],"wp:attachment":[{"href":"https:\/\/corrientesdetarde.com\/index.php\/wp-json\/wp\/v2\/media?parent=7379"}],"wp:term":[{"taxonomy":"category","embeddable":true,"href":"https:\/\/corrientesdetarde.com\/index.php\/wp-json\/wp\/v2\/categories?post=7379"},{"taxonomy":"post_tag","embeddable":true,"href":"https:\/\/corrientesdetarde.com\/index.php\/wp-json\/wp\/v2\/tags?post=7379"}],"curies":[{"name":"wp","href":"https:\/\/api.w.org\/{rel}","templated":true}]}}