{"id":73815,"date":"2023-07-15T08:34:36","date_gmt":"2023-07-15T11:34:36","guid":{"rendered":"https:\/\/corrientesdetarde.com\/?p=73815"},"modified":"2023-07-15T08:34:42","modified_gmt":"2023-07-15T11:34:42","slug":"nea-el-azucar-se-encarecio-un-215-en-los-ultimos-12-meses","status":"publish","type":"post","link":"https:\/\/corrientesdetarde.com\/index.php\/economia\/nea-el-azucar-se-encarecio-un-215-en-los-ultimos-12-meses\/","title":{"rendered":"NEA: el az\u00facar se encareci\u00f3 un 215% en los \u00faltimos 12 meses"},"content":{"rendered":"\n<p>Ese producto lidera la tendencia alcista entre los alimentos b\u00e1sicos. En junio tuvo una remarca del 17,4% y en lo que va del a\u00f1o ya sufri\u00f3 una actualizaci\u00f3n del 97,7%. Las frutas y verduras, con 159% y 164%, respectivamente, tambi\u00e9n se destacaron en el comparativo interanual.<\/p>\n\n\n\n<p>El Instituto Nacional de Estad\u00edstica y Censos (INDEC) difundi\u00f3, el jueves \u00faltimo, el reporte del \u00cdndice de Precios al Consumidor (IPC) de junio. De ese estudio se desprende que la regi\u00f3n Nordeste tuvo una inflaci\u00f3n del 6,6% durante ese mes y en lo que va del a\u00f1o lleg\u00f3 al 49,9%. En tanto que el cotejo interanual denota un alza del 115,5%.<\/p>\n\n\n\n<p>Si se le hace un seguimiento al comportamiento de los precios de las mercader\u00edas b\u00e1sicas, se puede observar que seg\u00fan lo relevado por el INDEC, en junio, en Corrientes, Chaco Formosa y Misiones, los alimentos y las bebidas no alcoh\u00f3licas se encarecieron un 6%.<\/p>\n\n\n\n<p>De igual modo, en la primera mitad de 2023, ese rubro tiene un arrastre del 54,1% y si se toman los valores de junio de 2022, con los de igual mes de este a\u00f1o, el coeficiente da un incremento del 114,1%.<\/p>\n\n\n\n<p>Ahora bien, si se hace un desagregado fino de los indicadores que arrojan las tres mediciones para &#8220;Alimentos y bebidas sin alcohol&#8221; en el NEA, se puede afirmar que en junio, se dieron estas alzas entre los componentes de ese rubro: pan 9,4%; carne 2,4%; leche y derivados 8,6%; aceite, grasa y manteca 3%; frutas -1,4%; verduras, tub\u00e9rculos y legumbres 5%; az\u00facar, dulces y golosinas 17, 4%; Caf\u00e9, t\u00e9 y yerba 10,5%; aguas, gaseosas y jugos 11%.<\/p>\n\n\n\n<p>En los seis primeros meses del a\u00f1o esos alimentos tuvieron este comportamiento: pan 56,3%; carne 46,6%; leche y derivados 71%; aceite, grasa y manteca 29,9%; frutas 50,3%; verduras, tub\u00e9rculos y legumbres 48,9%; az\u00facar, dulces y golosinas 97,7%; Caf\u00e9, t\u00e9 y yerba 57%; aguas, gaseosas y jugos 65,1%.<\/p>\n\n\n\n<p>Por \u00faltimo, el comparativo interanual muestra esta tendencia alcista: pan 123%; carne 78%; leche y derivados 138%; aceite, grasa y manteca 104,1%; frutas 159%; verduras, tub\u00e9rculos y legumbres 164%; az\u00facar, dulces y golosinas 215,3%; Caf\u00e9, t\u00e9 y yerba 106%; aguas, gaseosas y jugos 140%.<\/p>\n\n\n\n<h2 class=\"wp-block-heading\">Dulce pero salado<\/h2>\n\n\n\n<p>Pasando en limpio esos datos proporcionados, hay que reconocer que dentro de las mercader\u00edas, la que m\u00e1s sufri\u00f3 la din\u00e1mica inflacionaria en la regi\u00f3n fue el az\u00facar, ya que ese componente de la medici\u00f3n lider\u00f3 los tres &#8220;cortes&#8221;, con: 17,4%, 97,7% y 215,3%, respectivamente.<\/p>\n\n\n\n<p>En tanto que la leche sufri\u00f3 un encarecimiento del 71% entre enero y junio \u00faltimo y las frutas y verduras, con 159% y 164%, respectivamente, tambi\u00e9n se destacaron en el comparativo de precios interanual.<\/p>\n\n\n\n<p>Por caso se puede afirmar tambi\u00e9n que dentro de las bebidas no alcoh\u00f3licas, el agua, las gaseosas y los jugos tuvieron una remarca del 140% en el \u00faltimo a\u00f1o y el caf\u00e9, la yerba y el t\u00e9 lleg\u00f3 al 106%, todos estos &#8220;ingredientes&#8221; hacen que cada vez las familias compren menos.<\/p>\n\n\n\n<figure class=\"wp-block-image\"><img decoding=\"async\" src=\"https:\/\/www.diarioepoca.com\/content\/bucket\/2\/1308462w380h273c.jpg.webp\" alt=\"\"\/><\/figure>\n\n\n\n<h2 class=\"wp-block-heading\">&nbsp;El d\u00f3lar blue subi\u00f3 $173 en lo que va de 2023<\/h2>\n\n\n\n<figure class=\"wp-block-image\"><img decoding=\"async\" src=\"https:\/\/www.diarioepoca.com\/content\/bucket\/0\/1308460w380h238c.jpg.webp\" alt=\"\"\/><\/figure>\n\n\n\n<p>El d\u00f3lar blue aceler\u00f3 su marcha alcista y alcanz\u00f3 un nuevo m\u00e1ximo hist\u00f3rico de $522; mientras que el MEP cerr\u00f3 en una cotizaci\u00f3n r\u00e9cord y el Banco Central compr\u00f3 divisas pero sigue perdiendo reservas por la venta de yuanes.<\/p>\n\n\n\n<p>La divisa paralela subi\u00f3 por sexta ronda consecutiva y tras aumentar $10, una de las mayores subas en una sola rueda, cerr\u00f3 en los $522 para la venta y en $ 515 para la compra y la brecha con el tipo de cambio oficial se ubica en 96,1%, el nivel m\u00e1s alto en un mes.<\/p>\n\n\n\n<p>En las \u00faltimas seis ruedas la divisa marginal escal\u00f3 $31, luego de transitar un mes de marcada estabilidad y en el a\u00f1o acumul\u00f3 una suba de $173 o un 50,3%, en l\u00ednea con la inflaci\u00f3n del primer semestre.<\/p>\n\n\n\n<p>Seg\u00fan operadores del mercado, las trabas para llegar a un acuerdo con el Fondo Monetario Internacional (FMI) y el denominado &#8220;trade electoral&#8221;, impulsan todas las cotizaciones de la moneda norteamericana.<\/p>\n\n\n\n<h2 class=\"wp-block-heading\">Entr\u00f3 en circulaci\u00f3n el nuevo billete de $1.000<\/h2>\n\n\n\n<figure class=\"wp-block-image\"><img decoding=\"async\" src=\"https:\/\/www.diarioepoca.com\/content\/bucket\/1\/1308461w380h238c.jpg.webp\" alt=\"\"\/><\/figure>\n\n\n\n<p>El Banco Central de la Rep\u00fablica Argentina (BCRA) puso en circulaci\u00f3n el nuevo billete de $1.000, con la imagen de Jos\u00e9 de San Mart\u00edn, tras haber desaparecido con los extintos billetes de $5 pesos.<\/p>\n\n\n\n<p>De esta forma, convivir\u00e1n nuevamente pr\u00f3ceres y animales en papel moneda.<\/p>\n\n\n\n<p>La nueva familia de billetes &#8220;Hero\u00ednas y h\u00e9roes de la Patria&#8221;, ahora con el nuevo que homenajea al General San Mart\u00edn, el cual ser\u00e1 distribuido progresivamente a trav\u00e9s de la red de sucursales bancarias a todo el pa\u00eds.<\/p>\n\n\n\n<p>De acuerdo a lo precisado, reunir\u00e1 a seis personalidades en cuatro billetes, que se despliegan de la siguiente manera: $500, con las im\u00e1genes de Mar\u00eda Remedios del Valle y Manuel Belgrano; $200, con las representaciones de Mart\u00edn Miguel de G\u00fcemes y Juana Azurduy; y $100, con la imagen de Mar\u00eda Eva Duarte de Per\u00f3n.<\/p>\n","protected":false},"excerpt":{"rendered":"<p>Ese producto lidera la tendencia alcista entre los alimentos b\u00e1sicos. En junio tuvo una remarca del 17,4% y en lo que va del a\u00f1o ya sufri\u00f3 una actualizaci\u00f3n del 97,7%.&hellip; <\/p>\n","protected":false},"author":3,"featured_media":73816,"comment_status":"closed","ping_status":"open","sticky":false,"template":"","format":"standard","meta":{"footnotes":""},"categories":[20],"tags":[],"class_list":["post-73815","post","type-post","status-publish","format-standard","has-post-thumbnail","hentry","category-economia"],"_links":{"self":[{"href":"https:\/\/corrientesdetarde.com\/index.php\/wp-json\/wp\/v2\/posts\/73815","targetHints":{"allow":["GET"]}}],"collection":[{"href":"https:\/\/corrientesdetarde.com\/index.php\/wp-json\/wp\/v2\/posts"}],"about":[{"href":"https:\/\/corrientesdetarde.com\/index.php\/wp-json\/wp\/v2\/types\/post"}],"author":[{"embeddable":true,"href":"https:\/\/corrientesdetarde.com\/index.php\/wp-json\/wp\/v2\/users\/3"}],"replies":[{"embeddable":true,"href":"https:\/\/corrientesdetarde.com\/index.php\/wp-json\/wp\/v2\/comments?post=73815"}],"version-history":[{"count":1,"href":"https:\/\/corrientesdetarde.com\/index.php\/wp-json\/wp\/v2\/posts\/73815\/revisions"}],"predecessor-version":[{"id":73817,"href":"https:\/\/corrientesdetarde.com\/index.php\/wp-json\/wp\/v2\/posts\/73815\/revisions\/73817"}],"wp:featuredmedia":[{"embeddable":true,"href":"https:\/\/corrientesdetarde.com\/index.php\/wp-json\/wp\/v2\/media\/73816"}],"wp:attachment":[{"href":"https:\/\/corrientesdetarde.com\/index.php\/wp-json\/wp\/v2\/media?parent=73815"}],"wp:term":[{"taxonomy":"category","embeddable":true,"href":"https:\/\/corrientesdetarde.com\/index.php\/wp-json\/wp\/v2\/categories?post=73815"},{"taxonomy":"post_tag","embeddable":true,"href":"https:\/\/corrientesdetarde.com\/index.php\/wp-json\/wp\/v2\/tags?post=73815"}],"curies":[{"name":"wp","href":"https:\/\/api.w.org\/{rel}","templated":true}]}}