{"id":73818,"date":"2023-07-15T08:35:32","date_gmt":"2023-07-15T11:35:32","guid":{"rendered":"https:\/\/corrientesdetarde.com\/?p=73818"},"modified":"2023-07-15T09:16:17","modified_gmt":"2023-07-15T12:16:17","slug":"con-la-fe-intacta-los-fieles-arriban-a-los-pies-de-maria","status":"publish","type":"post","link":"https:\/\/corrientesdetarde.com\/index.php\/cultura\/con-la-fe-intacta-los-fieles-arriban-a-los-pies-de-maria\/","title":{"rendered":"Con la fe intacta, los fieles arriban a los pies de Mar\u00eda"},"content":{"rendered":"\n<p>Ayer fue el turno de la llegada de los peregrinos de San Luis del Palmar. De apoco la fisonom\u00eda de la localidad ve c\u00f3mo se puebla de devotos de los puntos m\u00e1s remotos de la provincia y el pa\u00eds. Hoy llegar\u00e1n ciclistas desde Monte Caseros y otras ciudades del Nordeste.<\/p>\n\n\n\n<p>Como todos los a\u00f1os, los fieles peregrinos llevan su esperanza hasta la Bas\u00edlica de la Virgen de Itat\u00ed que, por esta fecha, se convierte en el epicentro de la fe cat\u00f3lica de la regi\u00f3n. Tanto es as\u00ed que ayer, pasadas las 15:30, la 123\u00aa Peregrinaci\u00f3n de San Luis del Palmar arrib\u00f3 a los pies de la Virgen Morena.<\/p>\n\n\n\n<p>Tras la salida de la imagen peregrina de Mar\u00eda de Itat\u00ed, que sali\u00f3 al encuentro de los fieles, a unos 300 metros de la bas\u00edlica se produjo la uni\u00f3n con la imagen de San Luis Rey y la Virgen de Guadalupe.<\/p>\n\n\n\n<p>Al llegar al atrio de la bas\u00edlica, el rector padre Porfirio Ram\u00edrez les dio la bienvenida e imparti\u00f3 la bendici\u00f3n para todos los fieles sanluise\u00f1os. La misa central de la jornada de ayer fue a las 19:30 oficiada por monse\u00f1or Adolfo Uriona. All\u00ed se llev\u00f3 a cabo el segundo d\u00eda del triduo para la fiesta de la coronaci\u00f3n.<\/p>\n\n\n\n<p>Tras la bendici\u00f3n, ingresaron las im\u00e1genes al templo junto a los caminantes, mientras eran bendecidos con agua. Luego del ingreso de los peregrinos lleg\u00f3 la imagen de San Antonio de Padua de Mburucuy\u00e1 y de San Cayetano de Lomas de Vallejos.<\/p>\n\n\n\n<p>Por \u00faltimo, pasaron delante del santuario los miles de peregrinos de a caballo, recibiendo tambi\u00e9n ellos el agua bendita. De la bienvenida a los fieles peregrinos de San Luis particip\u00f3 el intendente de Itat\u00ed, Francisco Romero, recibiendo a su par de San Luis del Palmar, N\u00e9stor Buj\u00e1n. Tambi\u00e9n estuvo la viceintendente &#8220;Any&#8221; Leiva, concejales y funcionarios municipales que participaron de la tradicional ceremonia.Previous<\/p>\n\n\n\n<figure class=\"wp-block-image\"><img decoding=\"async\" src=\"https:\/\/www.diarioepoca.com\/content\/bucket\/6\/1308426w770h720.jpg.webp\" alt=\"epc150723-011f02.jpg\"\/><figcaption>LOS FIELES SE RINDEN A LOS PIES DE MAR\u00cdA TRAS SU LARGO Y AGOTADOR PEREGRINAR. (FOTOS: ALEJANDRO CANTEROS).<\/figcaption><\/figure>\n\n\n\n<figure class=\"wp-block-image\"><img decoding=\"async\" src=\"https:\/\/www.diarioepoca.com\/content\/bucket\/7\/1308427h720.jpg.webp\" alt=\"epc150723-011f03.jpg\"\/><\/figure>\n\n\n\n<figure class=\"wp-block-image\"><img decoding=\"async\" src=\"https:\/\/www.diarioepoca.com\/content\/bucket\/8\/1308428h720.jpg.webp\" alt=\"epc150723-011f04.jpg\"\/><\/figure>\n\n\n\n<figure class=\"wp-block-image\"><img decoding=\"async\" src=\"https:\/\/www.diarioepoca.com\/content\/bucket\/9\/1308429h720.jpg.webp\" alt=\"epc150723-011f05.jpg\"\/><\/figure>\n\n\n\n<figure class=\"wp-block-image\"><img decoding=\"async\" src=\"https:\/\/www.diarioepoca.com\/content\/bucket\/0\/1308430h720.jpg.webp\" alt=\"epc150723-011f06.jpg\"\/><\/figure>\n\n\n\n<p>Next<\/p>\n\n\n\n<p>Pese al mal tiempo de los \u00faltimos d\u00edas, sumado al fr\u00edo que se hizo presente a mitad de semana, los peregrinos de a pie contin\u00faan su andar para llegar a los brazos de Mam\u00e1 Mar\u00eda para cumplir su promesa o pedir un favor a la Virgen Morena. La peregrinaci\u00f3n a Itat\u00ed ha sido declarada Patrimonio Hist\u00f3rico Cultural debido a la magnitud de su convocatoria.<\/p>\n\n\n\n<p>Hoy se espera la llegada de ciclistas de Monte Caseros (ver recuadro) y de un importante grueso de fieles que vendr\u00e1n a cumplir con su promesa a los pies de la Virgen Mar\u00eda de Itat\u00ed.<\/p>\n\n\n\n<h2 class=\"wp-block-heading\">&nbsp;Ciclistas de Monte Caseros llegar\u00e1n hoy a la bas\u00edlica<\/h2>\n\n\n\n<figure class=\"wp-block-image\"><img decoding=\"async\" src=\"https:\/\/www.diarioepoca.com\/content\/bucket\/3\/1308463w380h270c.jpg.webp\" alt=\"\"\/><\/figure>\n\n\n\n<p>Desde la localidad sure\u00f1a, un importante contingente de la Agrupaci\u00f3n de Ciclistas Montecasere\u00f1os, como hace 13 a\u00f1os, inici\u00f3 su viaje en bicicleta el mi\u00e9rcoles 12 de julio y llegar\u00e1n ma\u00f1ana en horas de la tarde a los pies de Mar\u00eda. Uno de sus integrantes, Juan Virili, coment\u00f3 a \u00e9poca que &#8220;la mayor cantidad de ciclistas sali\u00f3 el mi\u00e9rcoles de Monte Caseros, tomaron la Ruta 129, luego la Ruta 14 en las Cuatro Bocas hasta el empalme a San Roque, hicieron noche en el Cuartel de Bomberos de Bonpland y la delegaci\u00f3n ya est\u00e1 en Empedrado&#8221;.<\/p>\n\n\n\n<p>Pero no solamente viene un grupo de la ciudad de Monte Caseros. &#8220;Se nos sumaron ciclistas de Chajar\u00ed (Entre R\u00edos), Buenos Aires y tambi\u00e9n del Uruguay&#8221;, destac\u00f3 Virili.<\/p>\n\n\n\n<p>La Agrupaci\u00f3n Ciclistas Montecasere\u00f1os hace 13 a\u00f1os que realiza ese recorrido para encontrarse con la Virgen Morena, pero ellos no hacen el recorrido solos ya que los acompa\u00f1a otra agrupaci\u00f3n llamada &#8220;Peregrinos de Itat\u00ed&#8221; que son los pioneros en esta metodolog\u00eda, ya realizan el mismo recorrido hace 33 a\u00f1os.<\/p>\n\n\n\n<p>Consultado sobre cu\u00e1ndo tienen planeado arribar a Itat\u00ed, Juan Virili remarc\u00f3 que por cuestiones laborales este a\u00f1o decidi\u00f3 &#8220;participar en el tramo de 72 kil\u00f3metros, desde la Rotonda de la Virgen en capital&#8221;.<\/p>\n\n\n\n<p>El recorrido que tienen para hoy s\u00e1bado es salir a las 7 desde Empedrado llegando a El Sombrero a las 9 para un refrigerio y continuar a las 9:20 a la Rotonda de la Virgen en capital. All\u00ed llegar\u00edan para las 11:20 y tomar\u00edan un segundo descanso.<\/p>\n\n\n\n<p>Desde la rotonda partir\u00e1n nuevamente a las 11:35 para llegar a la estaci\u00f3n de servicio EG3 alrededor de las 12:35 para un tercer refrigerio. Retomar\u00e1n la ruta a las 12:50 y llegar\u00e1n al Parador del Peregrino a las 14 donde se detendr\u00e1n a almorzar. El \u00faltimo tramo y fin de su cuarta etapa ser\u00e1 desde las 15 con llegada a la Bas\u00edlica de Itat\u00ed a las 16:30.<\/p>\n","protected":false},"excerpt":{"rendered":"<p>Ayer fue el turno de la llegada de los peregrinos de San Luis del Palmar. De apoco la fisonom\u00eda de la localidad ve c\u00f3mo se puebla de devotos de los&hellip; <\/p>\n","protected":false},"author":3,"featured_media":73819,"comment_status":"closed","ping_status":"open","sticky":false,"template":"","format":"standard","meta":{"footnotes":""},"categories":[15],"tags":[],"class_list":["post-73818","post","type-post","status-publish","format-standard","has-post-thumbnail","hentry","category-cultura"],"_links":{"self":[{"href":"https:\/\/corrientesdetarde.com\/index.php\/wp-json\/wp\/v2\/posts\/73818","targetHints":{"allow":["GET"]}}],"collection":[{"href":"https:\/\/corrientesdetarde.com\/index.php\/wp-json\/wp\/v2\/posts"}],"about":[{"href":"https:\/\/corrientesdetarde.com\/index.php\/wp-json\/wp\/v2\/types\/post"}],"author":[{"embeddable":true,"href":"https:\/\/corrientesdetarde.com\/index.php\/wp-json\/wp\/v2\/users\/3"}],"replies":[{"embeddable":true,"href":"https:\/\/corrientesdetarde.com\/index.php\/wp-json\/wp\/v2\/comments?post=73818"}],"version-history":[{"count":1,"href":"https:\/\/corrientesdetarde.com\/index.php\/wp-json\/wp\/v2\/posts\/73818\/revisions"}],"predecessor-version":[{"id":73820,"href":"https:\/\/corrientesdetarde.com\/index.php\/wp-json\/wp\/v2\/posts\/73818\/revisions\/73820"}],"wp:featuredmedia":[{"embeddable":true,"href":"https:\/\/corrientesdetarde.com\/index.php\/wp-json\/wp\/v2\/media\/73819"}],"wp:attachment":[{"href":"https:\/\/corrientesdetarde.com\/index.php\/wp-json\/wp\/v2\/media?parent=73818"}],"wp:term":[{"taxonomy":"category","embeddable":true,"href":"https:\/\/corrientesdetarde.com\/index.php\/wp-json\/wp\/v2\/categories?post=73818"},{"taxonomy":"post_tag","embeddable":true,"href":"https:\/\/corrientesdetarde.com\/index.php\/wp-json\/wp\/v2\/tags?post=73818"}],"curies":[{"name":"wp","href":"https:\/\/api.w.org\/{rel}","templated":true}]}}