{"id":73821,"date":"2023-07-15T08:36:44","date_gmt":"2023-07-15T11:36:44","guid":{"rendered":"https:\/\/corrientesdetarde.com\/?p=73821"},"modified":"2023-07-15T08:37:05","modified_gmt":"2023-07-15T11:37:05","slug":"la-formula-schiaretti-randazzo-alista-su-llegada-a-corrientes","status":"publish","type":"post","link":"https:\/\/corrientesdetarde.com\/index.php\/politica\/la-formula-schiaretti-randazzo-alista-su-llegada-a-corrientes\/","title":{"rendered":"La f\u00f3rmula Schiaretti-Randazzo alista su llegada a Corrientes"},"content":{"rendered":"\n<p>Ayer, el secretario general del Partido Socialista de Corrientes dio a conocer que los precandidatos a la presidencia de la f\u00f3rmula de Hacemos por Nuestro Pa\u00eds llegar\u00e1n a la provincia, por primera vez, para presentar a las figuras que competir\u00e1n en las PASO.<\/p>\n\n\n\n<p>Una vez m\u00e1s, Corrientes se posiciona como la provincia donde las figuras pol\u00edticas que competir\u00e1n el 13 de agosto, en el marco de las Primarias, Abiertas, Simult\u00e1neas y Obligatorias (PASO), buscan mostrarse. Tal es el caso que adem\u00e1s de la llegada de Gerardo Morales a Chaco (ver recuadro) y el arribo de Agust\u00edn Rossi (ver p\u00e1gina 3), tambi\u00e9n se suma a la lista de llegadas la f\u00f3rmula de Hacemos por Nuestro Pa\u00eds encabezada por Juan Schiaretti como precandidato a presidente y Florencio Randazzo como vice.<\/p>\n\n\n\n<p>La noticia fue confirmada ayer por Juan Almada, quien se desempe\u00f1a como Secretario General del Partido Socialista en Corrientes. Adem\u00e1s detall\u00f3 que por parte de las figuras correntinas se espera que est\u00e9n presentes el exgobernador de la provincia, Jos\u00e9 Antonio Romero Feris, quien encabeza la actual lista a Parlasur Nacional por Hacemos por Nuestra Pa\u00eds.<\/p>\n\n\n\n<p>Tambi\u00e9n estar\u00eda el senador nacional, Carlos Esp\u00ednola, quien en las \u00faltimas semanas mostr\u00f3 su respaldo al precandidato cordob\u00e9s, al participar del acto de lanzamiento de la f\u00f3rmula.<\/p>\n\n\n\n<p>De esta forma, el jueves 20 de julio en horas de la ma\u00f1ana en &#8220;un hotel c\u00e9ntrico&#8221; se realizar\u00eda el acto de presentaci\u00f3n de las figuras de &#8220;Hacemos por Nuestro Pa\u00eds&#8221;. Asimismo, se espera que se trace el objetivo a conquistar en la provincia y a la vez, sumar mayores voces correntinas a la l\u00ednea.<\/p>\n\n\n\n<p>Adem\u00e1s, detallaron que el precandidato a presidente ir\u00e1 acompa\u00f1ado por Florencio Randazzo, con quien dar\u00e1 su mensaje electoral en la provincia en pos de seguir sumando adeptos.<\/p>\n\n\n\n<p>Es preciso remarcar que la lista conformada por el gobernador de C\u00f3rdoba y el exministro participar\u00e1 en internas en esta instancia de los comicios previa a las Elecciones 2023, con el objetivo de superar el umbral de 1,5 por ciento de los votos totales.<\/p>\n\n\n\n<h2 class=\"wp-block-heading\">Campa\u00f1a presidencial<\/h2>\n\n\n\n<p>La f\u00f3rmula de Schiaretti se viene apuntalando primeramente en C\u00f3rdoba con el objetivo de solidificar los cimientos para luego salir a las dem\u00e1s provincias con los respaldos y el mensaje electoral firme, a menos de un mes de las PASO.<\/p>\n\n\n\n<p>As\u00ed, la semana pasada en el Hotel Intercontinental, a cuadras de Casa Rosada y en compa\u00f1\u00eda, no solo de Randazzo, sino tambi\u00e9n de una hist\u00f3rica del PJ bonaerense, que ir\u00e1 en la lista de precandidatos a diputados nacionales del cordob\u00e9s, Hilda &#8220;Chiche&#8221; Duhalde, se mostraron unidos y mantuvieron un encuentro a puertas cerradas.<\/p>\n\n\n\n<p>Luego mantuvo en Nueva York un encuentro con el secretario General de ORU Fogar, Carles Llorens Vila, reuni\u00f3n que fue solicitada por las autoridades de este prestigioso organismo. En la ocasi\u00f3n, se logr\u00f3 avanzar en el fortalecimiento de las relaciones de gobiernos regionales. Cabe se\u00f1alar que la provincia de C\u00f3rdoba es miembro pleno de ORU Fogar desde el a\u00f1o 2018.<\/p>\n\n\n\n<figure class=\"wp-block-image\"><img decoding=\"async\" src=\"https:\/\/www.diarioepoca.com\/content\/bucket\/6\/1308406w380h133c.jpg.webp\" alt=\"\"\/><\/figure>\n\n\n\n<p>En ese sentido, se abord\u00f3 el rol clave que tienen los gobiernos provinciales y regionales en materia de desarrollo sostenible.<\/p>\n\n\n\n<p>A su vez, se analizaron instancias de intercambio comercial, en las que los gobernantes del continente africano se mostraron interesados en la posibilidad de que C\u00f3rdoba exporte maquinaria agr\u00edcola y productos del sector agroalimentario.<\/p>\n\n\n\n<p>En resumen, el cordob\u00e9s y el exministro buscan no solo consolidarse en las urnas sino tambi\u00e9n poder dar pelea a las dem\u00e1s f\u00f3rmulas presidenciales que tambi\u00e9n vienen recorriendo las diferentes provincias del pa\u00eds, recordando que muchos hicieron presencia en Corrientes retratando la unidad con sus simpatizantes.<\/p>\n\n\n\n<h2 class=\"wp-block-heading\">Visitas<\/h2>\n\n\n\n<p>Hoy, a las 10, en la Facultad de Artes de la Universidad Nacional del Nordeste (UNNE) se espera que arribe el precandidato a vicepresidente y gobernador de Jujuy, Gerardo Morales, para compartir un evento con el candidato a Gobernador del Chaco, Leandro Zdero.<\/p>\n\n\n\n<p>Adem\u00e1s se espera que tambi\u00e9n participen los sectores de Juan Polini y Delfina Veirav\u00e9, pese a los repudios de varias organizaciones por la visita.<\/p>\n","protected":false},"excerpt":{"rendered":"<p>Ayer, el secretario general del Partido Socialista de Corrientes dio a conocer que los precandidatos a la presidencia de la f\u00f3rmula de Hacemos por Nuestro Pa\u00eds llegar\u00e1n a la provincia,&hellip; <\/p>\n","protected":false},"author":3,"featured_media":73822,"comment_status":"closed","ping_status":"open","sticky":false,"template":"","format":"standard","meta":{"footnotes":""},"categories":[3],"tags":[],"class_list":["post-73821","post","type-post","status-publish","format-standard","has-post-thumbnail","hentry","category-politica"],"_links":{"self":[{"href":"https:\/\/corrientesdetarde.com\/index.php\/wp-json\/wp\/v2\/posts\/73821","targetHints":{"allow":["GET"]}}],"collection":[{"href":"https:\/\/corrientesdetarde.com\/index.php\/wp-json\/wp\/v2\/posts"}],"about":[{"href":"https:\/\/corrientesdetarde.com\/index.php\/wp-json\/wp\/v2\/types\/post"}],"author":[{"embeddable":true,"href":"https:\/\/corrientesdetarde.com\/index.php\/wp-json\/wp\/v2\/users\/3"}],"replies":[{"embeddable":true,"href":"https:\/\/corrientesdetarde.com\/index.php\/wp-json\/wp\/v2\/comments?post=73821"}],"version-history":[{"count":1,"href":"https:\/\/corrientesdetarde.com\/index.php\/wp-json\/wp\/v2\/posts\/73821\/revisions"}],"predecessor-version":[{"id":73823,"href":"https:\/\/corrientesdetarde.com\/index.php\/wp-json\/wp\/v2\/posts\/73821\/revisions\/73823"}],"wp:featuredmedia":[{"embeddable":true,"href":"https:\/\/corrientesdetarde.com\/index.php\/wp-json\/wp\/v2\/media\/73822"}],"wp:attachment":[{"href":"https:\/\/corrientesdetarde.com\/index.php\/wp-json\/wp\/v2\/media?parent=73821"}],"wp:term":[{"taxonomy":"category","embeddable":true,"href":"https:\/\/corrientesdetarde.com\/index.php\/wp-json\/wp\/v2\/categories?post=73821"},{"taxonomy":"post_tag","embeddable":true,"href":"https:\/\/corrientesdetarde.com\/index.php\/wp-json\/wp\/v2\/tags?post=73821"}],"curies":[{"name":"wp","href":"https:\/\/api.w.org\/{rel}","templated":true}]}}