{"id":73940,"date":"2023-07-16T10:30:15","date_gmt":"2023-07-16T13:30:15","guid":{"rendered":"https:\/\/corrientesdetarde.com\/?p=73940"},"modified":"2023-07-16T10:30:19","modified_gmt":"2023-07-16T13:30:19","slug":"bullrich-y-larreta-apuestan-al-triunfo-de-sus-candidatos-en-santa-fe-en-recta-final-rumbo-a-las-paso","status":"publish","type":"post","link":"https:\/\/corrientesdetarde.com\/index.php\/nacionales\/bullrich-y-larreta-apuestan-al-triunfo-de-sus-candidatos-en-santa-fe-en-recta-final-rumbo-a-las-paso\/","title":{"rendered":"Bullrich y Larreta apuestan al triunfo de sus candidatos en Santa Fe en recta final rumbo a las PASO"},"content":{"rendered":"\n<p>(TELAM) &#8211; Las PASO que tendr\u00e1n lugar ma\u00f1ana en la provincia de Santa Fe marcar\u00e1n para Patricia Bullrich y Horacio Rodr\u00edguez Larreta la posibilidad de llegar fortalecidos o un poco debilitados al \u00faltimo tramo de la campa\u00f1a rumbo a las primarias del 13 de agosto, porque uno de los dos, quien pierda, pagar\u00e1 el costo de sumar una derrota a menos de un mes de la elecci\u00f3n nacional.<\/p>\n\n\n\n<p>En Santa Fe, el jefe de Gobierno porte\u00f1o respalda la postulaci\u00f3n para gobernador del dirigente de extracci\u00f3n radical Maximiliano Pullaro, mientras que Bullrich se inclina por la experiodista Carolina Losada.<\/p>\n\n\n\n<p>No es una elecci\u00f3n m\u00e1s, ya que desde el sector de Bullrich-Losada escalaron el debate con el rival interno hasta el extremo de acusarlo de tener v\u00ednculos con el narcotr\u00e1fico, y tambi\u00e9n advirtieron que no colaborar\u00e1n con Pullaro en caso de que este sea el ganador.<\/p>\n\n\n\n<p>Se espera que tanto Bullrich como Larreta visiten en la noche del domingo los b\u00fankeres electorales de los dos precandidatos santafesinos, a los efectos de intentar capitalizar la situaci\u00f3n.<\/p>\n\n\n\n<p>Si gana Pullaro, Larreta podr\u00e1 mostrar que en esta oportunidad supo apostar nuevamente por el ganador, como ya ocurri\u00f3 en otros distritos, ya que le jefe de Gobierno respald\u00f3 a los ya gobernadores electos Claudio Poggi en San Luis, Marcelo Orrego en San Juan y a Leandro Zdero en Chaco, quien gan\u00f3 las PASO de Juntos por el Cambio en esa provincia.<\/p>\n\n\n\n<p>En el caso de Bullrich, si logra levantarle la mano de ganadora a Losada ser\u00eda su primer triunfo nacional importante, a la vez que una derrota implicar\u00eda un duro golpe, considerando que esta misma semana tambi\u00e9n estuvo en Rosario respaldando a su candidata, con un discurso basado en el combate al narco y en la inseguridad.<\/p>\n\n\n\n<p>Al margen de esta visita santafesina, Bullrich est\u00e1 concentranda su agenda por estos d\u00edas en el conurbano bonaerense, con una doble estrategia: consolidar a su candidato a la gobernaci\u00f3n, N\u00e9stor Grindetti, y por otro lado intentar hacer una diferencia en votos en distritos donde su discurso firme contra la inseguridad prende con mayor facilidad.<\/p>\n\n\n\n<p>Larreta, en tanto, sigue con su estrategia de anunciar propuestas con ejes tem\u00e1ticos, y en la \u00faltima semana fue el turno de la iniciativa para el sector agropecuario, como tambi\u00e9n de sus propuestas para combatir la inflaci\u00f3n.<\/p>\n\n\n\n<p>Lejos de Santa Fe, en la Ciudad de Buenos Aires la dura interna entre macristas y larretistas se sald\u00f3 con la renuncia de Franco Rinaldi a su postulaci\u00f3n como primer candidato a legislador porte\u00f1o en la lista de Jorge Macri.<\/p>\n\n\n\n<p>El polit\u00f3logo termin\u00f3 abandonando su postulaci\u00f3n luego de la pol\u00e9mica por sus declaraciones homof\u00f3bicas y racistas: Jorge Macri lo sostuvo todo lo que pudo, pero la fuerte insistencia de parte del sector de Lousteau para que decline su postulaci\u00f3n, m\u00e1s la pol\u00e9mica social que generaron sus declaraciones, terminaron de inclinar la balanza.<\/p>\n\n\n\n<p>Pasada la PASO de Santa Fe, los ojos de JxC se inclinar\u00e1n hacia la provincia de Chubut, donde las encuestas auguran una buena elecci\u00f3n para el senador Ignacio &#8220;Nacho&#8221; Torres, quien se presenta como candidato a gobernador en esa provincia patag\u00f3nica.<\/p>\n\n\n\n<p>Los comicios son el 30 de julio, quince d\u00edas antes de las PASO nacionales, y si bien Torres no es marcadamente ni de Larreta ni de Bullrich, ambos precandidatos presidenciales apuestan a su triunfo para posicionarse.<\/p>\n\n\n\n<p>En tanto, la semana que pas\u00f3 Bullrich tambi\u00e9n debi\u00f3 lidiar con la discusi\u00f3n p\u00fablica sobre su pasado en la d\u00e9cada de los &#8217;70, impulsada tanto por sectores del kirchnerismo como por referentes de la propia coalici\u00f3n opositora.<\/p>\n\n\n\n<p>Como ejemplo, el senador Miguel Pichetto, enrolado en el larretismo, sali\u00f3 a sostener que la idea de &#8220;todo o nada&#8221; expresada por Bullrich en alguno de sus spots tiene que ver con su &#8220;ADN originario&#8221;, aludiendo al pasado de la precandidata presidencial como militante de la Juventud Peronista asociada a Montoneros.<\/p>\n\n\n\n<p>&#8220;&#8216;Todo o nada&#8217; me parece un concepto no apropiado para el sistema democr\u00e1tico; si estuvi\u00e9ramos en la Sierra Maestra o en el levantamiento en Nicaragua, que mir\u00e1 como termina Ortega tambi\u00e9n. No creo en eso. Hay que tener cuidado con las palabras&#8221;, cuestion\u00f3 Pichetto.<\/p>\n\n\n\n<p>Cuando le preguntaron si las expresiones de Bullrich tienen que ver con su pasado en la d\u00e9cada del 70&#8242;, Pichetto dijo que &#8220;uno siempre tiene un cierto ADN originario y, adem\u00e1s, mucho m\u00e1s desde joven, cuando uno se impregna de algunas visiones&#8221;.<\/p>\n\n\n\n<p>&#8220;\u00bfCu\u00e1l es Bullrich? \u00bfLa de Montoneros, la que estaba con Menem, con Carri\u00f3, o la que trataba a Macri de delincuente?&#8221;, se hab\u00eda preguntado por su parte el precandidato presidencial de Uni\u00f3n por la Patria, Sergio Massa.<\/p>\n\n\n\n<p>Bullrich, en sus declaraciones p\u00fablicas, reconoci\u00f3 haber militado en la JP, pero rechaz\u00f3 haber pertenecido a Montoneros.<\/p>\n\n\n\n<p>&#8220;Yo asumo lo que hice. Yo estuve en la Juventud Peronista. La Juventud Peronista reivindicaba Montoneros, pero yo soy una de las pocas argentinas que hizo una autocr\u00edtica clara sobre el mal que le hace la violencia a la pol\u00edtica&#8221;, declar\u00f3.<\/p>\n","protected":false},"excerpt":{"rendered":"<p>(TELAM) &#8211; Las PASO que tendr\u00e1n lugar ma\u00f1ana en la provincia de Santa Fe marcar\u00e1n para Patricia Bullrich y Horacio Rodr\u00edguez Larreta la posibilidad de llegar fortalecidos o un poco&hellip; <\/p>\n","protected":false},"author":11,"featured_media":73941,"comment_status":"closed","ping_status":"open","sticky":false,"template":"","format":"standard","meta":{"footnotes":""},"categories":[10],"tags":[83,378,526,831],"class_list":["post-73940","post","type-post","status-publish","format-standard","has-post-thumbnail","hentry","category-nacionales","tag-bullrich","tag-elecciones","tag-larreta","tag-santa-fe"],"_links":{"self":[{"href":"https:\/\/corrientesdetarde.com\/index.php\/wp-json\/wp\/v2\/posts\/73940","targetHints":{"allow":["GET"]}}],"collection":[{"href":"https:\/\/corrientesdetarde.com\/index.php\/wp-json\/wp\/v2\/posts"}],"about":[{"href":"https:\/\/corrientesdetarde.com\/index.php\/wp-json\/wp\/v2\/types\/post"}],"author":[{"embeddable":true,"href":"https:\/\/corrientesdetarde.com\/index.php\/wp-json\/wp\/v2\/users\/11"}],"replies":[{"embeddable":true,"href":"https:\/\/corrientesdetarde.com\/index.php\/wp-json\/wp\/v2\/comments?post=73940"}],"version-history":[{"count":1,"href":"https:\/\/corrientesdetarde.com\/index.php\/wp-json\/wp\/v2\/posts\/73940\/revisions"}],"predecessor-version":[{"id":73942,"href":"https:\/\/corrientesdetarde.com\/index.php\/wp-json\/wp\/v2\/posts\/73940\/revisions\/73942"}],"wp:featuredmedia":[{"embeddable":true,"href":"https:\/\/corrientesdetarde.com\/index.php\/wp-json\/wp\/v2\/media\/73941"}],"wp:attachment":[{"href":"https:\/\/corrientesdetarde.com\/index.php\/wp-json\/wp\/v2\/media?parent=73940"}],"wp:term":[{"taxonomy":"category","embeddable":true,"href":"https:\/\/corrientesdetarde.com\/index.php\/wp-json\/wp\/v2\/categories?post=73940"},{"taxonomy":"post_tag","embeddable":true,"href":"https:\/\/corrientesdetarde.com\/index.php\/wp-json\/wp\/v2\/tags?post=73940"}],"curies":[{"name":"wp","href":"https:\/\/api.w.org\/{rel}","templated":true}]}}