{"id":73945,"date":"2023-07-16T10:32:45","date_gmt":"2023-07-16T13:32:45","guid":{"rendered":"https:\/\/corrientesdetarde.com\/?p=73945"},"modified":"2023-07-16T10:33:07","modified_gmt":"2023-07-16T13:33:07","slug":"maria-de-itati-celebra-123-anos-de-su-coronacion-pontificia","status":"publish","type":"post","link":"https:\/\/corrientesdetarde.com\/index.php\/locales\/maria-de-itati-celebra-123-anos-de-su-coronacion-pontificia\/","title":{"rendered":"Mar\u00eda de Itat\u00ed celebra 123 a\u00f1os de su Coronaci\u00f3n Pontificia"},"content":{"rendered":"\n<p>La localidad de Itat\u00ed celebra hoy el 123\u00ba aniversario de la Coronaci\u00f3n Pontificia de la Patrona de Corrientes. La llegada de miles de peregrinos, plagados de felicidad por arribar a los pies de Mar\u00eda luego de su agotador andar con lluvia y mucho fr\u00edo, se vio en la jornada de ayer con un d\u00eda soleado, pero bastante fresco.<\/p>\n\n\n\n<p>Ver a los ciclistas procedentes de varias ciudades, en especial a quienes lo hacen hace 13 a\u00f1os desde Monte Caseros, fue muy emocionante cuando tras arribar se acercaban a rendir honores a la Virgen Morena.<\/p>\n\n\n\n<p>Fieles de todas partes de la provincia, incluso de otras remotas y pa\u00edses lim\u00edtrofes, demostraron su fe arribando por cualquier medio a la bas\u00edlica enclavada a algo m\u00e1s de 70 kil\u00f3metros de la capital correntina.<\/p>\n\n\n\n<p>Ayer s\u00e1bado, en horas de la tarde, ingresaron a Itat\u00ed los peregrinos de It\u00e1 Ibat\u00e9 y Ber\u00f3n de Astrada (foto gentileza: Noticias Itate\u00f1as) quienes fueron recibidos por la imagen peregrina de Mar\u00eda de Itat\u00ed que sali\u00f3 a su encuentro.<\/p>\n\n\n\n<p>En el atrio del santuario, el padre Derlis Sosa les brind\u00f3 la bienvenida. El intendente de Itat\u00ed, Francisco Romero, la viceintendente &#8220;Any&#8221; Leiva y funcionarios municipales acompa\u00f1aron el recibimiento de los peregrinos que se sumaron a la gran manifestaci\u00f3n de fe de los miles de correntinos.<\/p>\n\n\n\n<p>Del 13 al 15 de julio se llev\u00f3 adelante en la Bas\u00edlica de la Virgen Morena el Triduo de Preparaci\u00f3n en honor al 123\u00b0 Aniversario de la Coronaci\u00f3n Pontificia de Nuestra Se\u00f1ora de Itat\u00ed. Dicha celebraci\u00f3n religiosa, que convoca a la fe de miles de peregrinos, cuenta con una serie de actividades especiales que culminan hoy domingo 16 de julio, d\u00eda central de las celebraciones de la Patrona de Corrientes.<\/p>\n\n\n\n<p>Con un importante despliegue para preservar la seguridad y el orden durante este evento de gran importancia religiosa, se llev\u00f3 a cabo un operativo con la participaci\u00f3n de personal de Gendarmer\u00eda Nacional, Prefectura Naval, Polic\u00eda de Corrientes, Defensa Civil, Bomberos Voluntarios, Seguridad Vial, Tr\u00e1nsito Municipal y la Cruz Roja sede Corrientes. Estos organismos de manera conjunta asistieron en todo el trayecto a los peregrinos que llevaban su fe a los pies de la Virgen en su casa en Itat\u00ed.<\/p>\n\n\n\n<p>Con gran devoci\u00f3n y fervor, miles y miles de devotos se acercaban a rendir homenaje a la Virgen de Itat\u00ed cumpliendo con sus promesas y renovando su fe en el marco del 123\u00ba Aniversario de su Coronaci\u00f3n Pontificia. Durante los d\u00edas anteriores, columnas de fieles se acercaron a la Casa de Mar\u00eda y llevaron adelante su peregrinar para as\u00ed celebrar y conmemorar el aniversario de la Virgen de Itat\u00ed.<\/p>\n\n\n\n<p>En la jornada de ayer, como se puede apreciar en las im\u00e1genes, fue el turno de la llegada de ciclistas y jinetes a los pies de Mar\u00eda para agradecer todo lo dado durante el a\u00f1o y de esa manera renovar su fe, como as\u00ed tambi\u00e9n los pedidos que son casi siempre para familiares; por salud y trabajo, primordialmente, para toda su familia y amigos.Previous<\/p>\n\n\n\n<figure class=\"wp-block-image\"><img decoding=\"async\" src=\"https:\/\/www.diarioepoca.com\/content\/bucket\/3\/1308583w770h720.jpg.webp\" alt=\"epc160723-023f07.jpg\"\/><figcaption>AYER, EN HORAS DE LA TARDE, RECIBIERON A LOS PEREGRINOS DE IT\u00c1 IBAT\u00c9 Y BER\u00d3N DE ASTRADA.<\/figcaption><\/figure>\n\n\n\n<figure class=\"wp-block-image\"><img decoding=\"async\" src=\"https:\/\/www.diarioepoca.com\/content\/bucket\/9\/1308659h720.jpg.webp\" alt=\"EPC160723-024F01.JPG\"\/><\/figure>\n\n\n\n<figure class=\"wp-block-image\"><img decoding=\"async\" src=\"https:\/\/www.diarioepoca.com\/content\/bucket\/0\/1308660h720.jpg.webp\" alt=\"EPC160723-024F02.JPG\"\/><\/figure>\n\n\n\n<figure class=\"wp-block-image\"><img decoding=\"async\" src=\"https:\/\/www.diarioepoca.com\/content\/bucket\/1\/1308661h720.jpg.webp\" alt=\"EPC160723-024F03.JPG\"\/><\/figure>\n\n\n\n<figure class=\"wp-block-image\"><img decoding=\"async\" src=\"https:\/\/www.diarioepoca.com\/content\/bucket\/2\/1308662h720.jpg.webp\" alt=\"EPC160723-025F01.JPG\"\/><\/figure>\n\n\n\n<figure class=\"wp-block-image\"><img decoding=\"async\" src=\"https:\/\/www.diarioepoca.com\/content\/bucket\/3\/1308663h720.jpg.webp\" alt=\"EPC160723-025F02.JPG\"\/><\/figure>\n\n\n\n<figure class=\"wp-block-image\"><img decoding=\"async\" src=\"https:\/\/www.diarioepoca.com\/content\/bucket\/4\/1308664w770h720.jpg.webp\" alt=\"EPC160723-025F03.JPG\"\/><\/figure>\n\n\n\n<figure class=\"wp-block-image\"><img decoding=\"async\" src=\"https:\/\/www.diarioepoca.com\/content\/bucket\/5\/1308665h720.jpg.webp\" alt=\"EPC160723-025F04.JPG\"\/><\/figure>\n\n\n\n<p>Next<\/p>\n\n\n\n<p>Los que se destacan a\u00f1o tras a\u00f1o en esta muestra de devoci\u00f3n son los promeseros de San Luis del Palmar. Como se puede apreciar en las im\u00e1genes, los fieles del &#8220;Pueblo de la fibra fuerte&#8221; salieron en sus carretas y a caballo llevando su fe a la Casa de Mar\u00eda.<\/p>\n\n\n\n<p>Siempre se destacaron por su tradicional peregrinar de a caballo, pese a la lluvia y el fr\u00edo que se hicieron presentes en los primeros d\u00edas de la semana, justamente para la salida de esta gran caravana desde San Luis, acompa\u00f1ados por su patrono, hasta las escalinatas de la bas\u00edlica.<\/p>\n\n\n\n<p>As\u00ed como ellos, ya sea a pie, a caballo, en carreta o bicicleta, los promeseros no detuvieron su andar para agradecer, pedir o tan solo cumplir su promesa. Los fieles de los puntos m\u00e1s remotos de la provincia volvieron a decir presente en el 123\u00ba Aniversario de la Coronaci\u00f3n Pontificia de la Patrona de Corrientes.<\/p>\n\n\n\n<p>La jornada central se llevar\u00e1 a cabo hoy con una serie de actividades que dar\u00e1n culminaci\u00f3n a la celebraci\u00f3n.<\/p>\n\n\n\n<h2 class=\"wp-block-heading\">Actividades en su d\u00eda lit\u00fargico<\/h2>\n\n\n\n<p><br>Para la jornada de hoy domingo 16, d\u00eda de la Coronaci\u00f3n Pontificia de la Virgen de Itat\u00ed, la programaci\u00f3n comenz\u00f3 anoche cuando a las 12 los fieles recibieron su d\u00eda lit\u00fargico con el saludo a la Virgen y bendici\u00f3n del Arzobispo de Corrientes.<\/p>\n\n\n\n<p>La fecha del aniversario de la Coronaci\u00f3n de la Virgen Morena transcurrir\u00e1 con misas programadas para las 6, 7, 8 y 17.<\/p>\n\n\n\n<p>La procesi\u00f3n n\u00e1utica por el r\u00edo Paran\u00e1 y el tradicional encuentro de las im\u00e1genes de las advocaciones de la Virgen Mar\u00eda, como son la de Itat\u00ed con la de Caacup\u00e9 (esta \u00faltima tra\u00edda desde Paraguay), ser\u00e1 a las 10 como parte de las actividades de hoy domingo.<\/p>\n\n\n\n<p>A partir del mediod\u00eda se llevar\u00e1 a cabo la procesi\u00f3n con los im\u00e1genes de los santos patronos que llegaron hasta la Bas\u00edlica de Itat\u00ed. Luego, el arzobispo de Corrientes, monse\u00f1or Andr\u00e9s Stanovnik, presidir\u00e1 la misa solemne en honor a la Coronaci\u00f3n de la Virgen.<\/p>\n\n\n\n<p>Al finalizar la tradicional celebraci\u00f3n eucar\u00edstica, que es la principal en el d\u00eda lit\u00fargico de la Virgen, administrar\u00e1n el sacramento del bautismo para todas aquellas personas que anotaron a sus hijos para recibirlo.<\/p>\n\n\n\n<p>Finalmente, a las 19, se oficiar\u00e1 la misa de clausura de los festejos y luego una procesi\u00f3n de antorchas por las calles de la localidad para dar fin a las celebraciones en la Casa de la Virgen Morena.<\/p>\n\n\n\n<h2 class=\"wp-block-heading\">&nbsp;&#8220;Agradecer y renovar la fe en la Virgen&#8221;<\/h2>\n\n\n\n<figure class=\"wp-block-image\"><img decoding=\"async\" src=\"https:\/\/www.diarioepoca.com\/content\/bucket\/6\/1308666w380h238c.jpg.webp\" alt=\"\"\/><\/figure>\n\n\n\n<p>Diario \u00e9poca dialog\u00f3 con uno de los promeseros. Se trata de Pedro, que arrib\u00f3 a Itat\u00ed oriundo de Burzaco, Buenos Aires. Acompa\u00f1ado por su se\u00f1ora y sus cu\u00f1ados, Pedro dijo que se vino &#8220;para agradecer y pedir nuevamente, renovar la fe en la Virgen&#8221;.<\/p>\n\n\n\n<p>El devoto remarc\u00f3 que realizaron el trayecto en auto. &#8220;Cost\u00f3 mucho porque estaba un poco pesado cuando vinimos porque nos agarr\u00f3 la lluvia en todo el camino. Pero el mal tiempo puede ser una bendici\u00f3n de la Virgen&#8221;, acot\u00f3.<\/p>\n\n\n\n<p>Sobre lo que le motiv\u00f3 a venir hasta Corrientes, hasta Itat\u00ed, Pedro dijo: &#8220;Me trajo ac\u00e1 la fe en la Virgen, adem\u00e1s de agradecer por todo lo que pedimos, salud, paz y trabajo&#8221;.<\/p>\n\n\n\n<p>&nbsp;&#8220;Pedimos que no nos falte salud y trabajo&#8221;<\/p>\n\n\n\n<figure class=\"wp-block-image\"><img decoding=\"async\" src=\"https:\/\/www.diarioepoca.com\/content\/bucket\/7\/1308667w380h238c.jpg.webp\" alt=\"\"\/><\/figure>\n\n\n\n<p>M\u00f3nica, otra de las promeseras que lleg\u00f3 a la Bas\u00edlica de Itat\u00ed, tambi\u00e9n dialog\u00f3 con \u00e9poca. La mujer coment\u00f3 que proviene de San Luis del Palmar. &#8220;Vinimos en auto con toda la familia&#8221;.<\/p>\n\n\n\n<p>&#8220;Debido al tr\u00e1nsito y la congesti\u00f3n de la Ruta Nacional N\u00ba12 nos cost\u00f3 bastante llegar&#8221;, detall\u00f3. &#8220;Viene mucha gente y nosotros somos peregrinos de San Expedito, as\u00ed que todos los a\u00f1os lo traemos y una vez que llegamos ingresamos a la iglesia, escuchamos una misa y ya cumplimos con la promesa que tenemos con ella y con \u00e9l&#8221;, remarc\u00f3 M\u00f3nica.<\/p>\n\n\n\n<p>Adem\u00e1s detall\u00f3 que vino con su hija y sus nietos. Al consultarle sobre lo que significa para su familia visitar a Mar\u00eda asegur\u00f3: &#8220;Venimos a renovar la fe, a agradecer especialmente porque gracias a Dios tenemos salud y a seguir pidiendo salud y trabajo que no nos falte en la familia ni en ninguna de las personas de este mundo&#8221;.<\/p>\n\n\n\n<h2 class=\"wp-block-heading\">&nbsp;&#8220;Vengo por la devoci\u00f3n a la Virgen y a dar gracias&#8221;<\/h2>\n\n\n\n<figure class=\"wp-block-image\"><img decoding=\"async\" src=\"https:\/\/www.diarioepoca.com\/content\/bucket\/8\/1308668w380h238c.jpg.webp\" alt=\"\"\/><\/figure>\n\n\n\n<p>Viviana Romero, una se\u00f1ora de 89 a\u00f1os, tambi\u00e9n hizo el largo viaje desde Buenos Aires a Itat\u00ed. La octogenaria es de la ciudad de Lomas de Zamora. Viviana remarc\u00f3 que vino a Itat\u00ed con su hija.<\/p>\n\n\n\n<p>Sobre el porqu\u00e9 de venir a Corrientes, a la Casa de Mar\u00eda, Viviana resalt\u00f3 que fue por &#8220;la devoci\u00f3n a la Virgen de Itat\u00ed y a agradecer todo&#8221;.<\/p>\n\n\n\n<p>Viviana ten\u00eda l\u00e1grimas, pero de alegr\u00eda, por haber llegado un a\u00f1o m\u00e1s a los pies de Mar\u00eda. &#8220;S\u00ed, porque solo este a\u00f1o vengo, el a\u00f1o que viene ya no, hace a\u00f1os que vengo, cuando caminaba&#8221;.<\/p>\n\n\n\n<p>La se\u00f1ora es oriunda de Paso de los Libres, pero hace muchos a\u00f1os vive en Buenos Aires. Dijo que vive all\u00e1 con su hija.<\/p>\n\n\n\n<p>Finalmente, dej\u00f3 un saludo: &#8220;Para toda la gente de Buenos Aires, para mis queridos compatriotas correntinos, para todos&#8221;.<\/p>\n\n\n\n<p>Para Pedro fue la segunda visita a la Bas\u00edlica de Itat\u00ed en familia a la vez que dej\u00f3 un mensaje para todos en Buenos Aires que no conocen Itat\u00ed. &#8220;Tendr\u00edan que venir a visitarla y ver, confiar en la Virgen que los va a iluminar y proteger&#8221;.<\/p>\n\n\n\n<p>epoca<\/p>\n","protected":false},"excerpt":{"rendered":"<p>La localidad de Itat\u00ed celebra hoy el 123\u00ba aniversario de la Coronaci\u00f3n Pontificia de la Patrona de Corrientes. La llegada de miles de peregrinos, plagados de felicidad por arribar a&hellip; <\/p>\n","protected":false},"author":1,"featured_media":73947,"comment_status":"closed","ping_status":"open","sticky":false,"template":"","format":"standard","meta":{"footnotes":""},"categories":[8],"tags":[],"class_list":["post-73945","post","type-post","status-publish","format-standard","has-post-thumbnail","hentry","category-locales"],"_links":{"self":[{"href":"https:\/\/corrientesdetarde.com\/index.php\/wp-json\/wp\/v2\/posts\/73945","targetHints":{"allow":["GET"]}}],"collection":[{"href":"https:\/\/corrientesdetarde.com\/index.php\/wp-json\/wp\/v2\/posts"}],"about":[{"href":"https:\/\/corrientesdetarde.com\/index.php\/wp-json\/wp\/v2\/types\/post"}],"author":[{"embeddable":true,"href":"https:\/\/corrientesdetarde.com\/index.php\/wp-json\/wp\/v2\/users\/1"}],"replies":[{"embeddable":true,"href":"https:\/\/corrientesdetarde.com\/index.php\/wp-json\/wp\/v2\/comments?post=73945"}],"version-history":[{"count":1,"href":"https:\/\/corrientesdetarde.com\/index.php\/wp-json\/wp\/v2\/posts\/73945\/revisions"}],"predecessor-version":[{"id":73948,"href":"https:\/\/corrientesdetarde.com\/index.php\/wp-json\/wp\/v2\/posts\/73945\/revisions\/73948"}],"wp:featuredmedia":[{"embeddable":true,"href":"https:\/\/corrientesdetarde.com\/index.php\/wp-json\/wp\/v2\/media\/73947"}],"wp:attachment":[{"href":"https:\/\/corrientesdetarde.com\/index.php\/wp-json\/wp\/v2\/media?parent=73945"}],"wp:term":[{"taxonomy":"category","embeddable":true,"href":"https:\/\/corrientesdetarde.com\/index.php\/wp-json\/wp\/v2\/categories?post=73945"},{"taxonomy":"post_tag","embeddable":true,"href":"https:\/\/corrientesdetarde.com\/index.php\/wp-json\/wp\/v2\/tags?post=73945"}],"curies":[{"name":"wp","href":"https:\/\/api.w.org\/{rel}","templated":true}]}}