{"id":73946,"date":"2023-07-16T10:35:06","date_gmt":"2023-07-16T13:35:06","guid":{"rendered":"https:\/\/corrientesdetarde.com\/?p=73946"},"modified":"2023-07-16T10:35:12","modified_gmt":"2023-07-16T13:35:12","slug":"rumbo-a-las-paso-el-tiempo-de-las-visitas-para-despabilar-la-campana","status":"publish","type":"post","link":"https:\/\/corrientesdetarde.com\/index.php\/politica\/rumbo-a-las-paso-el-tiempo-de-las-visitas-para-despabilar-la-campana\/","title":{"rendered":"Rumbo a las PASO: el tiempo de las visitas para despabilar la campa\u00f1a"},"content":{"rendered":"\n<p>En cuatro domingos m\u00e1s se votar\u00e1n las Primarias Abiertas, Simult\u00e1neas y Obligatorias (PASO). Este es, entonces, el tramo central de una campa\u00f1a que en lo provincial viene como aletargada, influenciada tal vez por el receso invernal que todav\u00eda tiene una semana m\u00e1s de vigencia. Todo parece estar sujeto a las oscilaciones que se produzcan en el escenario nacional, a los cruces entre precandidatos de los principales frentes en pugna o dentro de las mismas coaliciones.<\/p>\n\n\n\n<p>Lo cierto es que en la campa\u00f1a a\u00fan no se pisa el acelerador. Hay una mesura como de ahorro de energ\u00eda al saber que el camino por recorrer no se termina el 13 de agosto, sino que -por el contrario- a partir de ese momento se iniciar\u00e1 un lapso m\u00e1s desgastante en el que se juega mucho de cara a las generales del 22 de octubre, cuando el pa\u00eds debe elegir a un nuevo presidente.<\/p>\n\n\n\n<p>De todas maneras, las PASO asoman como un turno clave para abrir el camino a las presidenciales y tanto Juntos por el Cambio como Uni\u00f3n por la Patria (el ex Frente de Todos) se juegan mucho y cada movimiento de pieza es vital para seguir en competencia.<\/p>\n\n\n\n<p>No por nada en este marco hay una palabra central: unidad. Y sirve para los dos sectores con mayor potencia electoral.<\/p>\n\n\n\n<p>Para JXC es esencial, porque se juega una interna brava y particularmente deber\u00e1n asegurar la unidad en la post PASO, cuando deban encolumnarse detr\u00e1s del ganador o gobernadora.<\/p>\n\n\n\n<p>En tanto, UXP marca la necesidad de unidad, especialmente despu\u00e9s de definirse la f\u00f3rmula Sergio Massa-Agust\u00edn Rossi y a partir de all\u00ed, ir todos los sectores juntos, aunque para las PASO estar\u00e1 la opci\u00f3n de Juan Grabois, para el kirchnerismo m\u00e1s duro. De cara a octubre ser\u00e1 otro cap\u00edtulo.<\/p>\n\n\n\n<p>En estas elecciones nacionales, en Corrientes se deben definir los candidatos a Presidente, Vice y legisladores nacionales, quienes ser\u00e1n piezas clave para el nuevo escenario que se abrir\u00e1 en el pa\u00eds rumbo a octubre. Ser\u00e1 un momento trascendental que definir\u00e1 el gobierno que viene, gane quien gane.<\/p>\n\n\n\n<p>En Corrientes, todo lo que sucede a nivel nacional influye en mayor o menor medida. Incluso hace al propio mensaje que los precandidatos exponen, m\u00e1s que nada por los medios de comunicaci\u00f3n tradiciones. Lo cierto es que por el momento la campa\u00f1a no acelera.<\/p>\n\n\n\n<p>El receso invernal parece que aplac\u00f3 todo dinamismo proselitista. A\u00fan resta esta semana para completar los 15 d\u00edas de vacaciones de invierno. Se espera entonces que en las \u00faltimas tres semanas de campa\u00f1a s\u00ed haya mayor din\u00e1mica y clima de competencia electoral.<\/p>\n\n\n\n<p>Por el momento, el mensaje se refuerza en los medios. Nada de actos. Salvo aquel inicial de ECO+Vamos Corrientes en que lanzaron a sus precandidatos. UXP Corrientes a\u00fan sigue de recorrida para afianzar distritos gobernados por intendentes peronistas y sus aliados.<\/p>\n\n\n\n<p>Sin embargo, las visitas de precandidatos nacionales parece ser el combustible que reactivar\u00e1 la campa\u00f1a local y despejar\u00e1 la modorra invernal que la sujeta actualmente. En el arranque, hace menos de 20 d\u00edas, ECO+Vamos Corrientes-JXC se activ\u00f3 con la visita de la f\u00f3rmula Horacio Rodr\u00edguez Larreta-Gerardo Morales.<\/p>\n\n\n\n<p>Luego, hace menos de una semana, se anunci\u00f3 la posibilidad de una visita del precandidato a Vicepresidente de Patricia Bullrich, el mendocino Luis Petri. As\u00ed lo expres\u00f3 \u00e9l mismo, en un encuentro con Gustavo Vald\u00e9s realizado en Buenos Aires, con participaci\u00f3n del diputado nacional por la UCR, Julio Cobos.<\/p>\n\n\n\n<p>En este sentido, tambi\u00e9n se confirm\u00f3 -hace horas nom\u00e1s- la presencia este martes del precandidato a Vice de Sergio Massa, por UXP, el actual jefe de gabinete nacional, Agust\u00edn Rossi.<\/p>\n\n\n\n<p>Adem\u00e1s, referentes locales del frente Hacemos por Nuestro Pa\u00eds, anunciaron la posibilidad del arribo a Corrientes de su f\u00f3rmula presidencial, Juan Schiaretti-Florencio Randazzo.<\/p>\n\n\n\n<p>As\u00ed, parece que las visitas nacionales ser\u00e1n las que despertar\u00e1n la campa\u00f1a local de cara a las PASO.<\/p>\n\n\n\n<h2 class=\"wp-block-heading\">&nbsp;Padr\u00f3n, boletas y urnas<\/h2>\n\n\n<div class=\"wp-block-image\">\n<figure class=\"aligncenter\"><img decoding=\"async\" src=\"https:\/\/www.diarioepoca.com\/content\/bucket\/3\/1308643w380h419c.jpg.webp\" alt=\"\"\/><\/figure>\n<\/div>\n\n\n<p>El padr\u00f3n definitivo para las PASO se puede chequear en la web oficial de la CNE (https:\/\/www.padron.gob.ar\/) y el elector debe introducir su n\u00famero de documento, g\u00e9nero, distrito en el que vota e ingresar un c\u00f3digo verificador. Adem\u00e1s, ya se trabaja sobre las boletas oficializadas y el armado de las urnas de cart\u00f3n.<\/p>\n\n\n<div class=\"wp-block-image\">\n<figure class=\"aligncenter\"><img decoding=\"async\" src=\"https:\/\/www.diarioepoca.com\/content\/bucket\/4\/1308644w380h423c.jpg.webp\" alt=\"\"\/><\/figure>\n<\/div>","protected":false},"excerpt":{"rendered":"<p>En cuatro domingos m\u00e1s se votar\u00e1n las Primarias Abiertas, Simult\u00e1neas y Obligatorias (PASO). Este es, entonces, el tramo central de una campa\u00f1a que en lo provincial viene como aletargada, influenciada&hellip; <\/p>\n","protected":false},"author":1,"featured_media":73949,"comment_status":"closed","ping_status":"open","sticky":false,"template":"","format":"standard","meta":{"footnotes":""},"categories":[3],"tags":[],"class_list":["post-73946","post","type-post","status-publish","format-standard","has-post-thumbnail","hentry","category-politica"],"_links":{"self":[{"href":"https:\/\/corrientesdetarde.com\/index.php\/wp-json\/wp\/v2\/posts\/73946","targetHints":{"allow":["GET"]}}],"collection":[{"href":"https:\/\/corrientesdetarde.com\/index.php\/wp-json\/wp\/v2\/posts"}],"about":[{"href":"https:\/\/corrientesdetarde.com\/index.php\/wp-json\/wp\/v2\/types\/post"}],"author":[{"embeddable":true,"href":"https:\/\/corrientesdetarde.com\/index.php\/wp-json\/wp\/v2\/users\/1"}],"replies":[{"embeddable":true,"href":"https:\/\/corrientesdetarde.com\/index.php\/wp-json\/wp\/v2\/comments?post=73946"}],"version-history":[{"count":1,"href":"https:\/\/corrientesdetarde.com\/index.php\/wp-json\/wp\/v2\/posts\/73946\/revisions"}],"predecessor-version":[{"id":73950,"href":"https:\/\/corrientesdetarde.com\/index.php\/wp-json\/wp\/v2\/posts\/73946\/revisions\/73950"}],"wp:featuredmedia":[{"embeddable":true,"href":"https:\/\/corrientesdetarde.com\/index.php\/wp-json\/wp\/v2\/media\/73949"}],"wp:attachment":[{"href":"https:\/\/corrientesdetarde.com\/index.php\/wp-json\/wp\/v2\/media?parent=73946"}],"wp:term":[{"taxonomy":"category","embeddable":true,"href":"https:\/\/corrientesdetarde.com\/index.php\/wp-json\/wp\/v2\/categories?post=73946"},{"taxonomy":"post_tag","embeddable":true,"href":"https:\/\/corrientesdetarde.com\/index.php\/wp-json\/wp\/v2\/tags?post=73946"}],"curies":[{"name":"wp","href":"https:\/\/api.w.org\/{rel}","templated":true}]}}