{"id":74130,"date":"2023-07-17T09:09:24","date_gmt":"2023-07-17T12:09:24","guid":{"rendered":"https:\/\/corrientesdetarde.com\/?p=74130"},"modified":"2023-07-17T09:09:45","modified_gmt":"2023-07-17T12:09:45","slug":"el-emotivo-posteo-de-charlotte-caniggia-tras-el-nacimiento-de-la-hija-de-alex-y-melody-luz","status":"publish","type":"post","link":"https:\/\/corrientesdetarde.com\/index.php\/espectaculos\/el-emotivo-posteo-de-charlotte-caniggia-tras-el-nacimiento-de-la-hija-de-alex-y-melody-luz\/","title":{"rendered":"El emotivo posteo de Charlotte Caniggia tras el nacimiento de la hija de Alex y Melody Luz"},"content":{"rendered":"\n<p>Este s\u00e1bado, naci\u00f3 Venezia, la hija de Alex Caniggia y Melody Luz. Ambos compartieron la noticia con sus seguidores y se mostraron felices del momento que est\u00e1n viviendo como familia.<br>Finalmente, por la noche, Charlotte Caniggia tambi\u00e9n quiso darle la bienvenida a su sobrina y le dedic\u00f3 un tierno posteo en las redes sociales.<\/p>\n\n\n\n<p>&#8220;Much\u00edsimas felicidades a mi hermano y a Melody Luz. Ya lleg\u00f3 baby Venezia&#8221;, comenz\u00f3 escribiendo la modelo.<\/p>\n\n\n\n<p>&#8220;No puedo creerlo. Esto es un sue\u00f1o para m\u00ed. Gracias por hacerme t\u00eda. Los amo&#8221;, agreg\u00f3 Charlotte Caniggia.<\/p>\n","protected":false},"excerpt":{"rendered":"<p>Este s\u00e1bado, naci\u00f3 Venezia, la hija de Alex Caniggia y Melody Luz. Ambos compartieron la noticia con sus seguidores y se mostraron felices del momento que est\u00e1n viviendo como familia.Finalmente,&hellip; <\/p>\n","protected":false},"author":1,"featured_media":74137,"comment_status":"closed","ping_status":"open","sticky":false,"template":"","format":"standard","meta":{"footnotes":""},"categories":[19],"tags":[],"class_list":["post-74130","post","type-post","status-publish","format-standard","has-post-thumbnail","hentry","category-espectaculos"],"_links":{"self":[{"href":"https:\/\/corrientesdetarde.com\/index.php\/wp-json\/wp\/v2\/posts\/74130","targetHints":{"allow":["GET"]}}],"collection":[{"href":"https:\/\/corrientesdetarde.com\/index.php\/wp-json\/wp\/v2\/posts"}],"about":[{"href":"https:\/\/corrientesdetarde.com\/index.php\/wp-json\/wp\/v2\/types\/post"}],"author":[{"embeddable":true,"href":"https:\/\/corrientesdetarde.com\/index.php\/wp-json\/wp\/v2\/users\/1"}],"replies":[{"embeddable":true,"href":"https:\/\/corrientesdetarde.com\/index.php\/wp-json\/wp\/v2\/comments?post=74130"}],"version-history":[{"count":1,"href":"https:\/\/corrientesdetarde.com\/index.php\/wp-json\/wp\/v2\/posts\/74130\/revisions"}],"predecessor-version":[{"id":74138,"href":"https:\/\/corrientesdetarde.com\/index.php\/wp-json\/wp\/v2\/posts\/74130\/revisions\/74138"}],"wp:featuredmedia":[{"embeddable":true,"href":"https:\/\/corrientesdetarde.com\/index.php\/wp-json\/wp\/v2\/media\/74137"}],"wp:attachment":[{"href":"https:\/\/corrientesdetarde.com\/index.php\/wp-json\/wp\/v2\/media?parent=74130"}],"wp:term":[{"taxonomy":"category","embeddable":true,"href":"https:\/\/corrientesdetarde.com\/index.php\/wp-json\/wp\/v2\/categories?post=74130"},{"taxonomy":"post_tag","embeddable":true,"href":"https:\/\/corrientesdetarde.com\/index.php\/wp-json\/wp\/v2\/tags?post=74130"}],"curies":[{"name":"wp","href":"https:\/\/api.w.org\/{rel}","templated":true}]}}