{"id":74131,"date":"2023-07-17T09:06:15","date_gmt":"2023-07-17T12:06:15","guid":{"rendered":"https:\/\/corrientesdetarde.com\/?p=74131"},"modified":"2023-07-17T09:06:36","modified_gmt":"2023-07-17T12:06:36","slug":"caso-cecilia-la-mama-encabeza-una-marcha-en-buenos-aires","status":"publish","type":"post","link":"https:\/\/corrientesdetarde.com\/index.php\/sociales\/caso-cecilia-la-mama-encabeza-una-marcha-en-buenos-aires\/","title":{"rendered":"caso cecilia: La mam\u00e1 encabeza una marcha en Buenos Aires"},"content":{"rendered":"\n<p>Gloria Romero, mam\u00e1 de Cecilia Strzyzowski (28), la joven desaparecida el 2 de junio en Resistencia, marchar\u00e1 este lunes hacia la Casa de la Provincia del Chaco en la ciudad de Buenos Aires. Tanto ella como sus allegados buscan pedir justicia.<\/p>\n\n\n\n<p>&nbsp;<br>El acto comenzar\u00e1 a las 18 en avenida Callao 322, en el barrio porte\u00f1o de Balvanera, junto a las Madres del Dolor, que pidieron el acompa\u00f1amiento de la gente. &#8220;Apoyamos a Gloria, la mam\u00e1 de Cecilia, con una marcha que se va a realizar en la Casa de Chaco&#8221;, public\u00f3 la asociaci\u00f3n en sus redes sociales.<\/p>\n\n\n\n<p>La movilizaci\u00f3n ser\u00e1 la primera fuera de la provincia por parte de la madre de la joven, quien ya adelant\u00f3 que ir\u00e1 a otros puntos del pa\u00eds.<\/p>\n\n\n\n<p><br>El Equipo Fiscal Especial (EFE) confirm\u00f3 la semana pasada que la sangre encontrada en la casa de los Sena corresponde con el ADN de la joven, seg\u00fan los resultados de una pericia realizada en el Instituto de Medicina y Ciencias Forenses (IMCiF) de esa provincia.<\/p>\n\n\n\n<p>La pericia se realiz\u00f3 en base a un cotejo de la sangre aportada por la mam\u00e1 de la v\u00edctima con las muestras levantadas de la propiedad de Emerenciano Sena y Marcela Acu\u00f1a, procesados con prisi\u00f3n preventiva por el crimen, al igual que su hijo y pareja de la v\u00edctima, Cesar Sena. Adem\u00e1s, tambi\u00e9n hallaron posibles manchas de sangre en la caja de la camioneta Toyota Hilux de C\u00e9sar.<\/p>\n\n\n\n<p>Por su parte, la psic\u00f3loga que atendi\u00f3 a Cecilia hasta mayo pasado confirm\u00f3 que la joven le cont\u00f3 haber sido v\u00edctima de un episodio de violencia de g\u00e9nero por parte de su esposo y le asegur\u00f3 que en los conflictos de pareja estaba incluida su suegra.<\/p>\n\n\n\n<p><strong>La \u00faltima vez que vieron a Cecilia<\/strong><\/p>\n\n\n\n<p><br>Cecilia fue vista por \u00faltima vez el \u00faltimo 2 de junio, cuando una c\u00e1mara de seguridad registr\u00f3 su ingreso en compa\u00f1\u00eda de su marido a la casa de sus suegros.<\/p>\n\n\n\n<p>De acuerdo a la resoluci\u00f3n de los fiscales, la joven fue asesinada entre las 12.13 y las 13.01 en una de las habitaciones de la propiedad. Aparentemente, la muerte habr\u00eda sido por estrangulamiento en momentos en que se encontraba junto a C\u00e9sar, Emerenciano y Acu\u00f1a.<\/p>\n\n\n\n<p>&nbsp; &nbsp;&nbsp;<br>Seg\u00fan la acusaci\u00f3n, su cuerpo luego fue trasladado por C\u00e9sar Sena y un colaborador de la familia, Gustavo Obreg\u00f3n, envuelto en una frazada y en una camioneta hasta la chancher\u00eda propiedad de los principales imputados, donde fue calcinada.<\/p>\n\n\n\n<p>Finalmente, se cree que los restos fueron esparcidos en distintos sectores de ese predio, junto a una de las m\u00e1rgenes del r\u00edo Tragadero, donde tiempo atr\u00e1s se encontraron restos de huesos humanos. Incluso, el viernes pasado hallaron otros fragmentos \u00f3seos que todav\u00eda debe determinarse de qu\u00e9 son.<\/p>\n\n\n\n<p>Adem\u00e1s de los tres integrantes del denominado clan Sena, por el caso permanecen con prisi\u00f3n preventiva Gustavo Obreg\u00f3n y su esposa Fabiana Gonz\u00e1lez (ambos asistentes de los Sena). Tambi\u00e9n Gustavo Melgarejo y su mujer, Griselda Reinoso (caseros de la familia), quienes est\u00e1n acusados de encubrimiento agravado.<\/p>\n","protected":false},"excerpt":{"rendered":"<p>Gloria Romero, mam\u00e1 de Cecilia Strzyzowski (28), la joven desaparecida el 2 de junio en Resistencia, marchar\u00e1 este lunes hacia la Casa de la Provincia del Chaco en la ciudad&hellip; <\/p>\n","protected":false},"author":1,"featured_media":74135,"comment_status":"closed","ping_status":"open","sticky":false,"template":"","format":"standard","meta":{"footnotes":""},"categories":[17],"tags":[],"class_list":["post-74131","post","type-post","status-publish","format-standard","has-post-thumbnail","hentry","category-sociales"],"_links":{"self":[{"href":"https:\/\/corrientesdetarde.com\/index.php\/wp-json\/wp\/v2\/posts\/74131","targetHints":{"allow":["GET"]}}],"collection":[{"href":"https:\/\/corrientesdetarde.com\/index.php\/wp-json\/wp\/v2\/posts"}],"about":[{"href":"https:\/\/corrientesdetarde.com\/index.php\/wp-json\/wp\/v2\/types\/post"}],"author":[{"embeddable":true,"href":"https:\/\/corrientesdetarde.com\/index.php\/wp-json\/wp\/v2\/users\/1"}],"replies":[{"embeddable":true,"href":"https:\/\/corrientesdetarde.com\/index.php\/wp-json\/wp\/v2\/comments?post=74131"}],"version-history":[{"count":1,"href":"https:\/\/corrientesdetarde.com\/index.php\/wp-json\/wp\/v2\/posts\/74131\/revisions"}],"predecessor-version":[{"id":74136,"href":"https:\/\/corrientesdetarde.com\/index.php\/wp-json\/wp\/v2\/posts\/74131\/revisions\/74136"}],"wp:featuredmedia":[{"embeddable":true,"href":"https:\/\/corrientesdetarde.com\/index.php\/wp-json\/wp\/v2\/media\/74135"}],"wp:attachment":[{"href":"https:\/\/corrientesdetarde.com\/index.php\/wp-json\/wp\/v2\/media?parent=74131"}],"wp:term":[{"taxonomy":"category","embeddable":true,"href":"https:\/\/corrientesdetarde.com\/index.php\/wp-json\/wp\/v2\/categories?post=74131"},{"taxonomy":"post_tag","embeddable":true,"href":"https:\/\/corrientesdetarde.com\/index.php\/wp-json\/wp\/v2\/tags?post=74131"}],"curies":[{"name":"wp","href":"https:\/\/api.w.org\/{rel}","templated":true}]}}