{"id":74141,"date":"2023-07-17T09:15:55","date_gmt":"2023-07-17T12:15:55","guid":{"rendered":"https:\/\/corrientesdetarde.com\/?p=74141"},"modified":"2023-07-17T09:16:17","modified_gmt":"2023-07-17T12:16:17","slug":"es-indispensable-que-el-proximo-gobierno-tenga-conocimiento-de-la-realidad-federal-conviccion-del-rumbo-y-firmeza-en-las-acciones-para-gobernar-la-argentina-que-viene","status":"publish","type":"post","link":"https:\/\/corrientesdetarde.com\/index.php\/politica\/es-indispensable-que-el-proximo-gobierno-tenga-conocimiento-de-la-realidad-federal-conviccion-del-rumbo-y-firmeza-en-las-acciones-para-gobernar-la-argentina-que-viene\/","title":{"rendered":"\u201cES INDISPENSABLE QUE EL PR\u00d3XIMO GOBIERNO TENGA: CONOCIMIENTO DE LA REALIDAD FEDERAL, CONVICCI\u00d3N DEL RUMBO Y FIRMEZA EN LAS ACCIONES, PARA GOBERNAR LA ARGENTINA QUE VIENE\u201d"},"content":{"rendered":"\n<p>(Enviado Especial) &#8211; As\u00ed lo afirm\u00f3 enf\u00e1ticamente el precandidato a Senador Nacional Jorge Lucero, representante del espacio de Patricia Bullrich en San Luis. Tras una serie de encuentros con empresarios de diferentes rubros de la provincia.<\/p>\n\n\n\n<p>El candidato, en primer t\u00e9rmino, a Senador Nacional de la lista de La Fuerza del Cambio que lidera como aspirante a la Presidencia de la Naci\u00f3n: Patricia Bullrich, alert\u00f3 que \u201cel gobierno kirchnerista que se va es el peor de la historia democr\u00e1tica de nuestro pa\u00eds\u201d.<\/p>\n\n\n\n<p>Lucero, tras reunirse, en la ciudad capital, con la C\u00e1mara de Estaciones de Servicio y luego con la Sociedad Rural del Norte Puntano con sede en Quines ( Dto. Ayacucho ) y lim\u00edtrofe con La Rioja , expres\u00f3 que \u201cno podemos seguir perdiendo oportunidades de producci\u00f3n y empleo. La inflaci\u00f3n y la asfixia impositiva est\u00e1 da\u00f1ando la confianza de los empresarios y emprendedores, en referencia a la inversi\u00f3n privada que es la que genera trabajo digno, \u00fanica manera de sacar de la pobreza a los millones de Argentinos, y m\u00e1s de 230.000<\/p>\n\n\n\n<p>Sanluise\u00f1os, que la sufren.\u201d<\/p>\n\n\n\n<p>La inflaci\u00f3n, ya cercana al 120% anual, condena a la pobreza al 40% de los compatriotas y m\u00e1s del 45% de mis comprovincianos, cifra que se eleva en los m\u00e1s j\u00f3venes por encima del 60%. \u201cAcompa\u00f1amos la propuesta de&nbsp; Patricia Bullrich porque tienen las convicciones y la firmeza pol\u00edtica para estabilizar la econom\u00eda como requisito para orientar la naci\u00f3n hacia el desarrollo sostenible\u201d.<\/p>\n\n\n\n<p>El Dr. Lucero dialog\u00f3 con los due\u00f1os de las estaciones de servicio de expendio de combustibles, l\u00edquidos y gaseosos de San Luis, representados en la reuni\u00f3n por el empresario Jos\u00e9 Antonio \u201cToti\u201d Gianello y su Gerente Mart\u00edn Chada con quienes abordaron la dif\u00edcil situaci\u00f3n que atraviesan los propietarios de estaciones de servicio del interior del pa\u00eds, en particular las de bandera de petroleras privadas, y analizaron la propuesta del<\/p>\n\n\n\n<p>candidato para elevar al Senado la problem\u00e1tica de las brechas de precios de los combustibles entre el interior y el \u00c1rea Metropolitana de Buenos Aires.<\/p>\n\n\n\n<p>En su encuentro con los ruralistas y productores agropecuarios del Norte Puntano, encabezados por su Presidente H\u00e9ctor D\u00edaz Flores, Alejandro Funes vicepresidente, directivos y productores asociados a la entidad ruralista, la cual representan a m\u00e1s de 1400 productores agropecuarios, mayoritariamente peque\u00f1os y medianos, dedicados a la producci\u00f3n frutihort\u00edcola, agr\u00edcola y ganadera. De estos \u00faltimos solo el 8% del total<\/p>\n\n\n\n<p>tienen planteles de m\u00e1s de 200 cabezas de ganado.<\/p>\n\n\n\n<p>\u201cNos comprometimos a buscar soluciones a la problem\u00e1tica que enfrentan: la necesidad que a nivel nacional, y de forma concurrente con el gobierno provincial, se aborde la falta de acceso a la cobertura de seguros de riesgo agr\u00edcola, contra granizo y sequ\u00eda\u201d, tambi\u00e9n \u201crevisar la legislaci\u00f3n de declaraci\u00f3n de Emergencia Agropecuaria para fijar condiciones objetivas y de operatividad inmediata en los beneficios fiscales, crediticios y de tarifas de servicios a la producci\u00f3n\u201d que deben otorgarse a los productores afectados por incendios y<\/p>\n\n\n\n<p>cat\u00e1strofes clim\u00e1ticas, \u201clogrando que lleguen con la mayor rapidez para evitar el aumento de da\u00f1o econ\u00f3mico que terminan llev\u00e1ndolos al quebranto\u201d, explic\u00f3 finalmente Lucero.<\/p>\n","protected":false},"excerpt":{"rendered":"<p>(Enviado Especial) &#8211; As\u00ed lo afirm\u00f3 enf\u00e1ticamente el precandidato a Senador Nacional Jorge Lucero, representante del espacio de Patricia Bullrich en San Luis. Tras una serie de encuentros con empresarios&hellip; <\/p>\n","protected":false},"author":11,"featured_media":74073,"comment_status":"closed","ping_status":"open","sticky":false,"template":"","format":"standard","meta":{"footnotes":""},"categories":[3],"tags":[83,809],"class_list":["post-74141","post","type-post","status-publish","format-standard","has-post-thumbnail","hentry","category-politica","tag-bullrich","tag-lucero"],"_links":{"self":[{"href":"https:\/\/corrientesdetarde.com\/index.php\/wp-json\/wp\/v2\/posts\/74141","targetHints":{"allow":["GET"]}}],"collection":[{"href":"https:\/\/corrientesdetarde.com\/index.php\/wp-json\/wp\/v2\/posts"}],"about":[{"href":"https:\/\/corrientesdetarde.com\/index.php\/wp-json\/wp\/v2\/types\/post"}],"author":[{"embeddable":true,"href":"https:\/\/corrientesdetarde.com\/index.php\/wp-json\/wp\/v2\/users\/11"}],"replies":[{"embeddable":true,"href":"https:\/\/corrientesdetarde.com\/index.php\/wp-json\/wp\/v2\/comments?post=74141"}],"version-history":[{"count":1,"href":"https:\/\/corrientesdetarde.com\/index.php\/wp-json\/wp\/v2\/posts\/74141\/revisions"}],"predecessor-version":[{"id":74144,"href":"https:\/\/corrientesdetarde.com\/index.php\/wp-json\/wp\/v2\/posts\/74141\/revisions\/74144"}],"wp:featuredmedia":[{"embeddable":true,"href":"https:\/\/corrientesdetarde.com\/index.php\/wp-json\/wp\/v2\/media\/74073"}],"wp:attachment":[{"href":"https:\/\/corrientesdetarde.com\/index.php\/wp-json\/wp\/v2\/media?parent=74141"}],"wp:term":[{"taxonomy":"category","embeddable":true,"href":"https:\/\/corrientesdetarde.com\/index.php\/wp-json\/wp\/v2\/categories?post=74141"},{"taxonomy":"post_tag","embeddable":true,"href":"https:\/\/corrientesdetarde.com\/index.php\/wp-json\/wp\/v2\/tags?post=74141"}],"curies":[{"name":"wp","href":"https:\/\/api.w.org\/{rel}","templated":true}]}}