{"id":74149,"date":"2023-07-17T09:53:30","date_gmt":"2023-07-17T12:53:30","guid":{"rendered":"https:\/\/corrientesdetarde.com\/?p=74149"},"modified":"2023-07-17T09:55:13","modified_gmt":"2023-07-17T12:55:13","slug":"detienen-a-camionero-chaqueno-por-el-choque-fatal-de-la-familia-de-elias-gomez","status":"publish","type":"post","link":"https:\/\/corrientesdetarde.com\/index.php\/deportes\/detienen-a-camionero-chaqueno-por-el-choque-fatal-de-la-familia-de-elias-gomez\/","title":{"rendered":"Detienen a camionero chaque\u00f1o por el choque fatal de la familia de El\u00edas G\u00f3mez"},"content":{"rendered":"\n<p>El conductor del cami\u00f3n, oriundo de Chaco, de apellido Cuenca, qued\u00f3 detenido por orden de la Justicia de San Nicol\u00e1s por haber girado en U en medio de la autopista, lo que caus\u00f3 el accidente y el fallecimiento de las familiares del futbolista de River.<\/p>\n\n\n\n<figure class=\"wp-block-embed is-type-rich is-provider-twitter wp-block-embed-twitter\"><div class=\"wp-block-embed__wrapper\">\n<blockquote class=\"twitter-tweet\" data-width=\"550\" data-dnt=\"true\"><p lang=\"es\" dir=\"ltr\">Abrazamos y acompa\u00f1amos en el dolor a nuestro jugador El\u00edas G\u00f3mez ante la lamentable noticia del fallecimiento de su madre Zunilda y de su hermana Melani en un accidente.<br><br>Fuerza, El\u00edas. Todo River est\u00e1 con vos.<\/p>&mdash; River Plate (@RiverPlate) <a href=\"https:\/\/twitter.com\/RiverPlate\/status\/1680746313392988164?ref_src=twsrc%5Etfw\">July 17, 2023<\/a><\/blockquote><script async src=\"https:\/\/platform.twitter.com\/widgets.js\" charset=\"utf-8\"><\/script>\n<\/div><\/figure>\n\n\n\n<p><strong>Las condolencias de River para El\u00edas G\u00f3mez<\/strong>&nbsp;<\/p>\n\n\n\n<p>River y Rosario Central, instituciones que est\u00e1n presentes en la carrera de El\u00edas G\u00f3mez, enviaron emotivos mensajes de condolencias para el futbolista y para toda su familia en este duro momento.<\/p>\n\n\n\n<p>&#8220;Abrazamos y acompa\u00f1amos en el dolor a nuestro jugador El\u00edas G\u00f3mez ante la lamentable noticia del fallecimiento de su madre Zunilda y de su hermana Melani en un accidente&#8221;, escribi\u00f3 el club de N\u00fa\u00f1ez en su cuenta de Twitter, y agreg\u00f3: &#8220;Fuerza, El\u00edas. Todo River est\u00e1 con vos&#8221;.<\/p>\n\n\n\n<p>&#8220;El club acompa\u00f1a en este momento de profundo dolor a nuestro ex jugador El\u00edas G\u00f3mez y a Rosana G\u00f3mez, quien visti\u00f3 nuestra camiseta y fue DT del Femenino canalla, frente al fallecimiento de su madre Zunilda y su hermana Melani en un accidente automovil\u00edstico&#8221;, redact\u00f3 Rosario Central, club por donde pas\u00f3 entre 2017 y 2019.<\/p>\n\n\n\n<figure class=\"wp-block-image size-full\"><img loading=\"lazy\" decoding=\"async\" width=\"830\" height=\"469\" src=\"https:\/\/corrientesdetarde.com\/wp-content\/uploads\/2023\/07\/image-499.png\" alt=\"\" class=\"wp-image-74154\" srcset=\"https:\/\/corrientesdetarde.com\/wp-content\/uploads\/2023\/07\/image-499.png 830w, https:\/\/corrientesdetarde.com\/wp-content\/uploads\/2023\/07\/image-499-300x170.png 300w, https:\/\/corrientesdetarde.com\/wp-content\/uploads\/2023\/07\/image-499-768x434.png 768w\" sizes=\"auto, (max-width: 830px) 100vw, 830px\" \/><\/figure>\n","protected":false},"excerpt":{"rendered":"<p>El conductor del cami\u00f3n, oriundo de Chaco, de apellido Cuenca, qued\u00f3 detenido por orden de la Justicia de San Nicol\u00e1s por haber girado en U en medio de la autopista,&hellip; <\/p>\n","protected":false},"author":1,"featured_media":74152,"comment_status":"closed","ping_status":"open","sticky":false,"template":"","format":"standard","meta":{"footnotes":""},"categories":[4],"tags":[],"class_list":["post-74149","post","type-post","status-publish","format-standard","has-post-thumbnail","hentry","category-deportes"],"_links":{"self":[{"href":"https:\/\/corrientesdetarde.com\/index.php\/wp-json\/wp\/v2\/posts\/74149","targetHints":{"allow":["GET"]}}],"collection":[{"href":"https:\/\/corrientesdetarde.com\/index.php\/wp-json\/wp\/v2\/posts"}],"about":[{"href":"https:\/\/corrientesdetarde.com\/index.php\/wp-json\/wp\/v2\/types\/post"}],"author":[{"embeddable":true,"href":"https:\/\/corrientesdetarde.com\/index.php\/wp-json\/wp\/v2\/users\/1"}],"replies":[{"embeddable":true,"href":"https:\/\/corrientesdetarde.com\/index.php\/wp-json\/wp\/v2\/comments?post=74149"}],"version-history":[{"count":2,"href":"https:\/\/corrientesdetarde.com\/index.php\/wp-json\/wp\/v2\/posts\/74149\/revisions"}],"predecessor-version":[{"id":74155,"href":"https:\/\/corrientesdetarde.com\/index.php\/wp-json\/wp\/v2\/posts\/74149\/revisions\/74155"}],"wp:featuredmedia":[{"embeddable":true,"href":"https:\/\/corrientesdetarde.com\/index.php\/wp-json\/wp\/v2\/media\/74152"}],"wp:attachment":[{"href":"https:\/\/corrientesdetarde.com\/index.php\/wp-json\/wp\/v2\/media?parent=74149"}],"wp:term":[{"taxonomy":"category","embeddable":true,"href":"https:\/\/corrientesdetarde.com\/index.php\/wp-json\/wp\/v2\/categories?post=74149"},{"taxonomy":"post_tag","embeddable":true,"href":"https:\/\/corrientesdetarde.com\/index.php\/wp-json\/wp\/v2\/tags?post=74149"}],"curies":[{"name":"wp","href":"https:\/\/api.w.org\/{rel}","templated":true}]}}