{"id":74379,"date":"2023-07-18T11:19:31","date_gmt":"2023-07-18T14:19:31","guid":{"rendered":"https:\/\/corrientesdetarde.com\/?p=74379"},"modified":"2023-07-18T11:19:43","modified_gmt":"2023-07-18T14:19:43","slug":"primera-practica-abierta-y-puente-chino-para-messi-en-inter-miami","status":"publish","type":"post","link":"https:\/\/corrientesdetarde.com\/index.php\/deportes\/primera-practica-abierta-y-puente-chino-para-messi-en-inter-miami\/","title":{"rendered":"Primera pr\u00e1ctica abierta y puente chino para Messi en Inter Miami"},"content":{"rendered":"\n<p>Luego de lo que fue su presentaci\u00f3n oficial el pasado domingo,\u00a0<strong>Lionel Messi\u00a0<\/strong>sigue trabajando en su nuevo club: Inter Miami. Este martes, la franquicia decidi\u00f3 abrir la pr\u00e1ctica a la prensa y se lo vio trabajando a Leo junto a sus nuevos compa\u00f1eros. A full, ya esperando lo que puede ser su debut:<strong>\u00a0el pr\u00f3ximo viernes 21 ante Cruz Azul por la Leagues Cup.<\/strong><\/p>\n\n\n\n<p><strong>Entre las novedades de este martes,<\/strong>\u00a0el 10 e Inter contaron con la presencia de Sergio Busquets, otro ex Barcelona y que comparti\u00f3 vestuario con Messi durante a\u00f1os. Lo recibieron de una manera muy c\u00e1lida, con el cl\u00e1sico puente chino. Lo mismo para el propio jugador argentino, minutos antes.\u00a0<strong>Y luego s\u00ed, a trabajar bajo las \u00f3rdenes de Tata Martino.<\/strong><\/p>\n\n\n\n<figure class=\"wp-block-embed is-type-rich is-provider-twitter wp-block-embed-twitter\"><div class=\"wp-block-embed__wrapper\">\n<blockquote class=\"twitter-tweet\" data-width=\"550\" data-dnt=\"true\"><p lang=\"es\" dir=\"ltr\">As\u00ed lo reciben a nuestro 1\ufe0f\u20e30\ufe0f\u20e3 <a href=\"https:\/\/t.co\/Vc6Z0LThdr\">pic.twitter.com\/Vc6Z0LThdr<\/a><\/p>&mdash; Inter Miami CF (@InterMiamiCF) <a href=\"https:\/\/twitter.com\/InterMiamiCF\/status\/1681297987576770561?ref_src=twsrc%5Etfw\">July 18, 2023<\/a><\/blockquote><script async src=\"https:\/\/platform.twitter.com\/widgets.js\" charset=\"utf-8\"><\/script>\n<\/div><\/figure>\n","protected":false},"excerpt":{"rendered":"<p>Luego de lo que fue su presentaci\u00f3n oficial el pasado domingo,\u00a0Lionel Messi\u00a0sigue trabajando en su nuevo club: Inter Miami. Este martes, la franquicia decidi\u00f3 abrir la pr\u00e1ctica a la prensa&hellip; <\/p>\n","protected":false},"author":1,"featured_media":74389,"comment_status":"closed","ping_status":"open","sticky":false,"template":"","format":"standard","meta":{"footnotes":""},"categories":[4],"tags":[],"class_list":["post-74379","post","type-post","status-publish","format-standard","has-post-thumbnail","hentry","category-deportes"],"_links":{"self":[{"href":"https:\/\/corrientesdetarde.com\/index.php\/wp-json\/wp\/v2\/posts\/74379","targetHints":{"allow":["GET"]}}],"collection":[{"href":"https:\/\/corrientesdetarde.com\/index.php\/wp-json\/wp\/v2\/posts"}],"about":[{"href":"https:\/\/corrientesdetarde.com\/index.php\/wp-json\/wp\/v2\/types\/post"}],"author":[{"embeddable":true,"href":"https:\/\/corrientesdetarde.com\/index.php\/wp-json\/wp\/v2\/users\/1"}],"replies":[{"embeddable":true,"href":"https:\/\/corrientesdetarde.com\/index.php\/wp-json\/wp\/v2\/comments?post=74379"}],"version-history":[{"count":1,"href":"https:\/\/corrientesdetarde.com\/index.php\/wp-json\/wp\/v2\/posts\/74379\/revisions"}],"predecessor-version":[{"id":74390,"href":"https:\/\/corrientesdetarde.com\/index.php\/wp-json\/wp\/v2\/posts\/74379\/revisions\/74390"}],"wp:featuredmedia":[{"embeddable":true,"href":"https:\/\/corrientesdetarde.com\/index.php\/wp-json\/wp\/v2\/media\/74389"}],"wp:attachment":[{"href":"https:\/\/corrientesdetarde.com\/index.php\/wp-json\/wp\/v2\/media?parent=74379"}],"wp:term":[{"taxonomy":"category","embeddable":true,"href":"https:\/\/corrientesdetarde.com\/index.php\/wp-json\/wp\/v2\/categories?post=74379"},{"taxonomy":"post_tag","embeddable":true,"href":"https:\/\/corrientesdetarde.com\/index.php\/wp-json\/wp\/v2\/tags?post=74379"}],"curies":[{"name":"wp","href":"https:\/\/api.w.org\/{rel}","templated":true}]}}