{"id":7459,"date":"2022-09-30T16:06:58","date_gmt":"2022-09-30T19:06:58","guid":{"rendered":"https:\/\/corrientesdetarde.com\/?p=7459"},"modified":"2022-09-30T16:07:03","modified_gmt":"2022-09-30T19:07:03","slug":"emocionante-final-provincial-de-los-juegos-culturales-correntinos-en-el-teatro-de-goya","status":"publish","type":"post","link":"https:\/\/corrientesdetarde.com\/index.php\/cultura\/emocionante-final-provincial-de-los-juegos-culturales-correntinos-en-el-teatro-de-goya\/","title":{"rendered":"Emocionante final provincial de los Juegos Culturales Correntinos en el Teatro de Goya"},"content":{"rendered":"\n<p>A pura emoci\u00f3n se vivi\u00f3 ayer, en una colmada sala del hist\u00f3rico Teatro Solari de Goya, la final provincial de los Juegos Culturales Correntinos. La competencia en las distintas disciplinas se extendi\u00f3 a lo largo de toda la jornada y en un intermedio se realiz\u00f3 el acto oficial con las autoridades provinciales y municipales y un show musical que cont\u00f3 con la actuaci\u00f3n de los artistas&nbsp;Sof\u00eda Morales, Bruno Trotti y Diego Gonz\u00e1lez.<\/p>\n\n\n\n<p>Despu\u00e9s de las primeras presentaciones en las disciplinas de teatro y danza, se llev\u00f3 adelante la inauguraci\u00f3n de la final provincial que cont\u00f3 con la participaci\u00f3n del presidente del Instituto de Cultura de Corrientes, Arq. Gabriel Romero, el intendente de Goya, Mariano Hormaechea, el secretario de Gobierno, Ger\u00f3nimo Torres, el director de Cultura, Manuel&nbsp;Zampar y el coordinador provincial de los Juegos, Hernan Molina.&nbsp;<\/p>\n\n\n\n<p>\u201cPor primera vez nos estamos dando el gusto de realizar la final provincial de los Juegos Culturales Correntinos en el interior provincial, y en este escenario emblem\u00e1tico que es el m\u00e1s antiguo del pa\u00eds. Quiero agradecer el enorme trabajo conjunto realizado por equipo de Cultura de la Provincia y el Municipio de Goya para hacer esto posible\u201d, destac\u00f3 el presidente del Instituto de Cultura, Gabriel Romero.<\/p>\n\n\n\n<p>El jefe comunal destac\u00f3 tambi\u00e9n la decisi\u00f3n de trasladar esta instancia final de los Juegos a la ciudad de Goya, desarrollada en el Teatro Solari \u2013competencias en disciplinas esc\u00e9nicas- y en la Casa de la Cultura \u2013muestras y charlas con los jurados-, con la participaci\u00f3n de delegaciones de 28 localidades.<\/p>\n\n\n\n<p>\u201cCerca de 3 mil personas formaron parte de los Juegos Culturales a lo largo del a\u00f1o. Un logro que fue posible gracias a la labor articulada con representantes de 37 municipios de la provincia y el acompa\u00f1amiento e impulso a los participantes de sus padres y profesores\u201d, destac\u00f3 el coordinador Hernan Molina.<\/p>\n\n\n\n<p>Agradeci\u00f3 especialmente al equipo de trabajo del Instituto de Cultura integrado por Sara Spagnolo, Graciela Fern\u00e1ndez, Mariana Torres y Miguel Meza, y la colaboraci\u00f3n de Zulma Ru\u00edz Cuevas (fotograf\u00eda) y Paola Flores (redes sociales).<\/p>\n\n\n\n<p><strong>Show musical<\/strong><\/p>\n\n\n\n<p>Previo al acto, subieron al escenario los j\u00f3venes artistas Sof\u00eda Morales, Bruno Trotti y Diego Gonz\u00e1lez, quienes ganaron el certamen en anteriores ediciones, y fueron invitados por&nbsp;la&nbsp;organizaci\u00f3n para brindar un show musical especialmente preparado para engalanar&nbsp;la&nbsp;ocasi\u00f3n. En este caso, una actuaci\u00f3n auspiciada por el Ministerio de Cultura de la Naci\u00f3n.<\/p>\n\n\n\n<p>En esta oportunidad se unieron para brindar una presentaci\u00f3n entre voces, guitarras y acorde\u00f3n, abarcando un repertorio con cl\u00e1sicos del rock y folclore nacional, como as\u00ed tambi\u00e9n canciones que son tendencia entre las \u00faltimas generaciones.<\/p>\n\n\n\n<p><strong>Jurado<\/strong><\/p>\n\n\n\n<p>Un jurado&nbsp;de&nbsp;especialistas en cada una&nbsp;de&nbsp;las disciplinas tuvo la&nbsp;dif\u00edcil tarea&nbsp;de&nbsp;evaluar&nbsp;la&nbsp;actuaci\u00f3n&nbsp;de&nbsp;los participantes y resolver qui\u00e9nes ganaron el&nbsp;certamen provincial.<\/p>\n\n\n\n<p>En teatro, lo hizo el profesor, actor y director, Hern\u00e1n Sfiligoy y el actor, director y profesor Sebasti\u00e1n Genes. En danza decidieron&nbsp;la&nbsp;profesora&nbsp;de&nbsp;danzas nativas y&nbsp;de&nbsp;proyecci\u00f3n folcl\u00f3rica y licenciada en Educaci\u00f3n Art\u00edstica Fabiana Gonz\u00e1lez y quien fuera fundadora del Ballet Municipal&nbsp;de&nbsp;Goya,&nbsp;la&nbsp;profesora Ana Mar\u00eda Trainini.<\/p>\n\n\n\n<p>En pintura, los artistas Nazareno Vel\u00e1zquez, Mar\u00eda Jos\u00e9 Pando y Germ\u00e1n Isla. En tanto, en cuento, poes\u00eda e historieta, seleccionaron&nbsp;la&nbsp;profesora en letras y docente jubilada, Eva Silveiro y&nbsp;la&nbsp;profesora M\u00f3nica Robineau. Lo propio hizo&nbsp;la&nbsp;fot\u00f3grafa y directora&nbsp;de&nbsp;fotograf\u00eda, Zulma Ruiz Cuevas.&nbsp;En tanto, en freestyle, cumplieron esta funci\u00f3n el artista, productor y compositor Agust\u00edn Ledezma y el freestyler Foschiatti Axel Tomas, conocido como \u201cKillo DXK\u201d.<\/p>\n\n\n\n<p>De&nbsp;acuerdo a&nbsp;la&nbsp;disciplina, los elegidos fueron:<\/p>\n\n\n\n<p><strong>CANTO SOLISTA<\/strong><\/p>\n\n\n\n<p>Sub15: Leonardo Romero (Corrientes)<\/p>\n\n\n\n<p>Sub18: Franco Almir\u00f3n (Corrientes)<\/p>\n\n\n\n<p>Adultos Mayores: Adriana Mabel Iba\u00f1ez (Santo Tom\u00e9)<\/p>\n\n\n\n<p><strong>DANZA<\/strong><\/p>\n\n\n\n<p>Sub 15: Joaqu\u00edn Ezequiel Brest y Naiara Anabella Espindola (Goya)<\/p>\n\n\n\n<p>Sub 18: Brisa Candela C\u00f3rdoba G\u00f3mez y Juan David Aguirre (Goya)<\/p>\n\n\n\n<p>Adultos mayores: Catalina Ibarra y Jos\u00e9 Antonio Galarza (Corrientes)<\/p>\n\n\n\n<p>Categor\u00eda Individual: Alexis Alberto Alm\u00faa (Goya)<\/p>\n\n\n\n<p><strong>CONJUNTO MUSICAL<\/strong><\/p>\n\n\n\n<p>Categor\u00eda \u00danica: Aron Alejandro Meza, Alejo Dionel Ortega, Jonathan Exequiel Noble y Juan Hip\u00f3lito Alegre (Santo Tom\u00e9)<\/p>\n\n\n\n<p><strong>FREESTYLE<\/strong><\/p>\n\n\n\n<p>Sub15: Hiras Alexander Roux (Ituzaing\u00f3)<\/p>\n\n\n\n<p>Sub 18: Alejo Morel B\u00e1ez (Ituzaing\u00f3)<\/p>\n\n\n\n<p><strong>TEATRO<\/strong><\/p>\n\n\n\n<p>Grupal: Florencia Cerdan, Celeste Daniela Acu\u00f1a y Romina Eliana Mota (Goya)<\/p>\n\n\n\n<p>Individual: Mar\u00eda Cecilia L\u00f3pez (Goya)<\/p>\n\n\n\n<p><strong>PINTURA<\/strong><\/p>\n\n\n\n<p>Sub 15: Valent\u00edn Morales Hanuch (Empedrado)<\/p>\n\n\n\n<p>Sub 18: Ailin Dom\u00ednguez (Bella Vista)<\/p>\n\n\n\n<p>Adultos Mayores: Alicia Ramona Olivera (Mercedes)<\/p>\n\n\n\n<p><strong>HISTORIETA<\/strong><\/p>\n\n\n\n<p>Categor\u00eda \u00fanica: Franco Alarc\u00f3n (Corrientes)<\/p>\n\n\n\n<p><strong>POES\u00cdA<\/strong><\/p>\n\n\n\n<p>Sub 15: Elizabeth Beatriz Alm\u00faa (Goya)<\/p>\n\n\n\n<p>Sub 18: Silvia Milagro Dom\u00ednguez (It\u00e1 Ibat\u00e9)<\/p>\n\n\n\n<p>Adultos Mayores: Avelina Aurora Ferrari (Santo Tom\u00e9)<\/p>\n\n\n\n<p><strong>CUENTO<\/strong><\/p>\n\n\n\n<p>Sub 15: Pedro Ferm\u00edn Falc\u00f3n (Chavarr\u00eda)<\/p>\n\n\n\n<p>Sub 18: Alex Souto (Ca\u00e1 Cat\u00ed)<\/p>\n\n\n\n<p>Adultos Mayores: Arquimedes Heraclio Tognola (Esquina)<\/p>\n\n\n\n<p><strong>FOTOGRAF\u00cdA<\/strong><\/p>\n\n\n\n<p>Sub 15: Federica G\u00f3mez Alegre (Colonia Pando)<\/p>\n\n\n\n<p>Sub 18: Oriana Revolero (Paso&nbsp;de&nbsp;la&nbsp;Patria)<\/p>\n\n\n\n<p>Adultos Mayores: Nilda Sena (San Luis del Palmar)<\/p>\n\n\n\n<p>PCD: Lisandro Ruiz D\u00edaz (Loreto)<\/p>\n\n\n\n<p><strong>Pre Fiesta del Chamam\u00e9<\/strong><\/p>\n\n\n\n<p>La&nbsp;final provincial&nbsp;de&nbsp;los&nbsp;Juegos&nbsp;Culturales&nbsp;fue adem\u00e1s la primera subsede&nbsp;de&nbsp;los cert\u00e1menes Pre Fiesta Nacional del Chamam\u00e9; pasando algunos participantes directamente a&nbsp;la&nbsp;Gran Final, puerta&nbsp;de&nbsp;acceso a&nbsp;la&nbsp;gran celebraci\u00f3n popular&nbsp;de enero.<\/p>\n\n\n\n<p>La&nbsp;coordinadora&nbsp;de&nbsp;los cert\u00e1menes, profesora superior en m\u00fasica y licenciada en Artes, Margarita Mambr\u00edn, anunci\u00f3 que los seleccionados fueron:<\/p>\n\n\n\n<p><strong>DANZA<\/strong><\/p>\n\n\n\n<p>Sub 15: Luz M\u00eda Brisa Taron y L\u00e1zaro Ferm\u00edn L\u00f3pez Gamarra (Paso de los Libres)<\/p>\n\n\n\n<p>Sub 18: Brisa Candela C\u00f3rdoba G\u00f3mez y Juan David Aguirre (Goya)<\/p>\n\n\n\n<p><strong>CANTO SOLISTA<\/strong><\/p>\n\n\n\n<p>Sub15: Leonardo Romero (Corrientes)<\/p>\n\n\n\n<p>Sub15: Lujan Guadalupe Mu\u00f1oz Piris (Santo Tom\u00e9)<\/p>\n\n\n\n<p>Sub18: Franco Almir\u00f3n (Corrientes)<\/p>\n\n\n\n<p>Sub18: Mar\u00eda Clara De O\u00f1a (Goya)<\/p>\n\n\n\n<p>Sub18: Valent\u00edn Aguirre (Concepci\u00f3n)<\/p>\n\n\n\n<p>Adultos Mayores: Jos\u00e9 Manuel Fern\u00e1ndez (9 de Julio)<\/p>\n\n\n\n<p><strong>CONJUNTO MUSICAL<\/strong><\/p>\n\n\n\n<p>Categor\u00eda \u00danica: Aron Alejandro Meza, Alejo Dionel Ortega, Jonathan Exequiel Noble y Juan Hip\u00f3lito Alegre (Santo Tom\u00e9)<\/p>\n\n\n\n<p><strong>Nacional<\/strong><\/p>\n\n\n\n<p>Los ganadores formar\u00e1n\u00a0de\u00a0la\u00a0delegaci\u00f3n\u00a0de\u00a0j\u00f3venes artistas que representar\u00e1 a Corrientes en los\u00a0Juegos\u00a0Culturales\u00a0Evita \u2013organizados por el Ministerio\u00a0de\u00a0Cultura\u00a0de\u00a0la\u00a0Naci\u00f3n-, a llevarse adelante del 24 al 29\u00a0de\u00a0octubre en Mar del Plata, y en el caso\u00a0de\u00a0los adultos mayores,\u00a0de\u00a0la\u00a0instancia nacional, del 7 al 11\u00a0de\u00a0noviembre en\u00a0la\u00a0provincia\u00a0de\u00a0San Luis.<\/p>\n\n\n\n<figure class=\"wp-block-image size-large\"><img decoding=\"async\" src=\"https:\/\/corrientesdetarde.com\/wp-content\/uploads\/2022\/09\/image-372-1024x683.png\" alt=\"\" class=\"wp-image-7462\"\/><\/figure>\n\n\n\n<figure class=\"wp-block-image size-large\"><img decoding=\"async\" src=\"https:\/\/corrientesdetarde.com\/wp-content\/uploads\/2022\/09\/image-371-1024x577.png\" alt=\"\" class=\"wp-image-7460\"\/><\/figure>\n","protected":false},"excerpt":{"rendered":"<p>A pura emoci\u00f3n se vivi\u00f3 ayer, en una colmada sala del hist\u00f3rico Teatro Solari de Goya, la final provincial de los Juegos Culturales Correntinos. La competencia en las distintas disciplinas&hellip; <\/p>\n","protected":false},"author":8,"featured_media":0,"comment_status":"closed","ping_status":"open","sticky":false,"template":"","format":"standard","meta":{"footnotes":""},"categories":[15],"tags":[],"class_list":["post-7459","post","type-post","status-publish","format-standard","hentry","category-cultura"],"_links":{"self":[{"href":"https:\/\/corrientesdetarde.com\/index.php\/wp-json\/wp\/v2\/posts\/7459","targetHints":{"allow":["GET"]}}],"collection":[{"href":"https:\/\/corrientesdetarde.com\/index.php\/wp-json\/wp\/v2\/posts"}],"about":[{"href":"https:\/\/corrientesdetarde.com\/index.php\/wp-json\/wp\/v2\/types\/post"}],"author":[{"embeddable":true,"href":"https:\/\/corrientesdetarde.com\/index.php\/wp-json\/wp\/v2\/users\/8"}],"replies":[{"embeddable":true,"href":"https:\/\/corrientesdetarde.com\/index.php\/wp-json\/wp\/v2\/comments?post=7459"}],"version-history":[{"count":1,"href":"https:\/\/corrientesdetarde.com\/index.php\/wp-json\/wp\/v2\/posts\/7459\/revisions"}],"predecessor-version":[{"id":7463,"href":"https:\/\/corrientesdetarde.com\/index.php\/wp-json\/wp\/v2\/posts\/7459\/revisions\/7463"}],"wp:attachment":[{"href":"https:\/\/corrientesdetarde.com\/index.php\/wp-json\/wp\/v2\/media?parent=7459"}],"wp:term":[{"taxonomy":"category","embeddable":true,"href":"https:\/\/corrientesdetarde.com\/index.php\/wp-json\/wp\/v2\/categories?post=7459"},{"taxonomy":"post_tag","embeddable":true,"href":"https:\/\/corrientesdetarde.com\/index.php\/wp-json\/wp\/v2\/tags?post=7459"}],"curies":[{"name":"wp","href":"https:\/\/api.w.org\/{rel}","templated":true}]}}