{"id":74708,"date":"2023-07-19T21:51:10","date_gmt":"2023-07-20T00:51:10","guid":{"rendered":"https:\/\/corrientesdetarde.com\/?p=74708"},"modified":"2023-07-19T21:53:41","modified_gmt":"2023-07-20T00:53:41","slug":"inter-de-porto-alegre-rival-de-river-en-la-libertadores-anuncio-el-regreso-del-chacho-coudet","status":"publish","type":"post","link":"https:\/\/corrientesdetarde.com\/index.php\/deportes\/inter-de-porto-alegre-rival-de-river-en-la-libertadores-anuncio-el-regreso-del-chacho-coudet\/","title":{"rendered":"Inter de Porto Alegre, rival de River en la Libertadores, anunci\u00f3 el regreso del &#8220;Chacho&#8221; Coudet"},"content":{"rendered":"\n<p>El t\u00e9cnico argentino tendr\u00e1 su segunda experiencia en el conjunto brasile\u00f1o, que se medir\u00e1 con el Millonario en los octavos del certamen continental.<\/p>\n\n\n\n<p><strong>Inter de Porto Alegre, que ser\u00e1 el rival de\u00a0River\u00a0en los octavos de final de la Copa Libertadores, anunci\u00f3 el regreso del entrenador Eduardo &#8220;Chacho&#8221; Coudet<\/strong>\u00a0en reemplazo de Mano Menezes.<\/p>\n\n\n\n<p><strong>&#8220;Coudet est\u00e1 de vuelta en Inter&#8221;<\/strong>, public\u00f3 en sus redes sociales oficiales la instituci\u00f3n de Brasil junto a un video de presentaci\u00f3n del t\u00e9cnico que tuvo un paso por el banco de los suplentes en 2020.<\/p>\n\n\n\n<p><strong>Este lunes, Inter hab\u00eda informado la salida de Menezes<\/strong>: &#8220;El club agradece a los profesionales por la dedicaci\u00f3n, empe\u00f1o y trabajo realizado durante este ciclo, dese\u00e1ndole suerte y \u00e9xito en el futuro de sus carreras&#8221;, escribi\u00f3 en un comunicado.<\/p>\n\n\n\n<p>Ante esto, la dirigencia fue r\u00e1pidamente en busca de Coudet, quien dej\u00f3 de ser el entrenador de Atl\u00e9tico Mineiro hace un mes,&nbsp;<strong>a dos semanas del cruce con River en busca de un lugar en los cuartos de final de la Copa Libertadores.<\/strong><\/p>\n\n\n\n<p>River e Inter de Porto Alegre se enfrentar\u00e1n en el estadio Monumental el 1\u00b0 de agosto, a partir de las 21, por la ida de los octavos del certamen continental, mientras que la revancha se jugar\u00e1 una semana despu\u00e9s en el Beira-Rio.<\/p>\n\n\n\n<p><strong>El &#8220;Chacho&#8221;, ex futbolista de River, tuvo una efectividad del 61,5 por ciento, con 24 victorias, 13 empates y nueve derrotas<\/strong>, en su primer paso por el conjunto brasile\u00f1o, del que se fue en 2020 para comandar el Celta de Vigo en Espa\u00f1a.<strong>La presentaci\u00f3n del Chacho Coudet en el Inter de Porto Alegr<\/strong>e.<\/p>\n\n\n\n<p><\/p>\n","protected":false},"excerpt":{"rendered":"<p>El t\u00e9cnico argentino tendr\u00e1 su segunda experiencia en el conjunto brasile\u00f1o, que se medir\u00e1 con el Millonario en los octavos del certamen continental. Inter de Porto Alegre, que ser\u00e1 el&hellip; <\/p>\n","protected":false},"author":4,"featured_media":74709,"comment_status":"closed","ping_status":"open","sticky":false,"template":"","format":"standard","meta":{"footnotes":""},"categories":[4],"tags":[],"class_list":["post-74708","post","type-post","status-publish","format-standard","has-post-thumbnail","hentry","category-deportes"],"_links":{"self":[{"href":"https:\/\/corrientesdetarde.com\/index.php\/wp-json\/wp\/v2\/posts\/74708","targetHints":{"allow":["GET"]}}],"collection":[{"href":"https:\/\/corrientesdetarde.com\/index.php\/wp-json\/wp\/v2\/posts"}],"about":[{"href":"https:\/\/corrientesdetarde.com\/index.php\/wp-json\/wp\/v2\/types\/post"}],"author":[{"embeddable":true,"href":"https:\/\/corrientesdetarde.com\/index.php\/wp-json\/wp\/v2\/users\/4"}],"replies":[{"embeddable":true,"href":"https:\/\/corrientesdetarde.com\/index.php\/wp-json\/wp\/v2\/comments?post=74708"}],"version-history":[{"count":2,"href":"https:\/\/corrientesdetarde.com\/index.php\/wp-json\/wp\/v2\/posts\/74708\/revisions"}],"predecessor-version":[{"id":74712,"href":"https:\/\/corrientesdetarde.com\/index.php\/wp-json\/wp\/v2\/posts\/74708\/revisions\/74712"}],"wp:featuredmedia":[{"embeddable":true,"href":"https:\/\/corrientesdetarde.com\/index.php\/wp-json\/wp\/v2\/media\/74709"}],"wp:attachment":[{"href":"https:\/\/corrientesdetarde.com\/index.php\/wp-json\/wp\/v2\/media?parent=74708"}],"wp:term":[{"taxonomy":"category","embeddable":true,"href":"https:\/\/corrientesdetarde.com\/index.php\/wp-json\/wp\/v2\/categories?post=74708"},{"taxonomy":"post_tag","embeddable":true,"href":"https:\/\/corrientesdetarde.com\/index.php\/wp-json\/wp\/v2\/tags?post=74708"}],"curies":[{"name":"wp","href":"https:\/\/api.w.org\/{rel}","templated":true}]}}