{"id":74713,"date":"2023-07-19T21:59:55","date_gmt":"2023-07-20T00:59:55","guid":{"rendered":"https:\/\/corrientesdetarde.com\/?p=74713"},"modified":"2023-07-19T22:00:07","modified_gmt":"2023-07-20T01:00:07","slug":"sigue-la-cuenta-regresiva-messi-continua-con-su-preparacion-para-debutar-en-el-inter-miami","status":"publish","type":"post","link":"https:\/\/corrientesdetarde.com\/index.php\/deportes\/sigue-la-cuenta-regresiva-messi-continua-con-su-preparacion-para-debutar-en-el-inter-miami\/","title":{"rendered":"Sigue la cuenta regresiva: Messi contin\u00faa con su preparaci\u00f3n para debutar en el Inter Miami"},"content":{"rendered":"\n<p>El astro argentino tendr\u00eda su estreno este viernes, aunque David Beckham sembr\u00f3 dudas sobre su presencia en la cancha.<\/p>\n\n\n\n<p><strong>El astro argentino\u00a0Lionel Messi\u00a0contin\u00faa con su preparaci\u00f3n en el\u00a0Inter Miami\u00a0de cara a su debut en el equipo estadounidense<\/strong>, que ser\u00eda este viernes ante Cruz Azul de M\u00e9xico.<\/p>\n\n\n\n<p>Messi fue presentado este domingo como flamante refuerzo y hace d\u00edas se sum\u00f3 a las pr\u00e1cticas junto al mediocampista\u00a0<strong>Sergio Busquets<\/strong>, con el objetivo de ponerse a punto para tener su estreno con la camiseta del conjunto de Miami.<\/p>\n\n\n\n<p>La gran incertidumbre pasa por si el rosarino ir\u00e1 desde el arranque o ingresar\u00e1 en el complemento del partido, en el marco de la Leagues Cup, -que otorga una plaza para la pr\u00f3xima Liga de Campeones de la Concacaf-&nbsp;<strong>este viernes a las 21 (hora argentina).<\/strong><\/p>\n\n\n\n<p><strong>\u201cAnte Cruz Azul ser\u00e1 un partido dif\u00edcil. Sabemos que son un gran equipo, con buenos jugadores. No sabemos si Lio va a jugar el partido o si tendr\u00e1 minutos porque creo que, al fin y al cabo, \u00e9l necesita estar listo. Tenemos que protegerlo y asegurarnos de que est\u00e9 listo porque ha estado de vacaciones y reci\u00e9n ha llegado a Miami hace una semana&#8221;<\/strong>, expres\u00f3&nbsp;<strong>David Beckham<\/strong>, uno de los propietarios de la instituci\u00f3n.<\/p>\n\n\n\n<p>Y agreg\u00f3:\u00a0<strong>&#8220;Ha entrenado y se lo ve bien. Pienso que Lio y Tata (el entrenador\u00a0Gerardo Martino) decidir\u00e1n cuando juegue y si lo har\u00e1 el viernes, pero la atm\u00f3sfera aqu\u00ed ser\u00e1 incre\u00edble y ojal\u00e1 podamos conseguir un triunfo\u201d.<\/strong><\/p>\n\n\n\n<p>El \u00faltimo partido de Messi fue con la Selecci\u00f3n argentina ante Australia, en el marco de la gira por Asia, el 15 de junio pasado, tras su partida del Paris Saint Germain de Francia.<\/p>\n\n\n\n<p>No obstante, fue el propio Messi el que dio una pista sobre su posible presencia en el encuentro de este viernes:&nbsp;<strong>&#8220;Gracias a todos los que vinieron, muchas gracias por todo el cari\u00f1o y tambi\u00e9n a los artistas que estuvieron y, a pesar de las condiciones, cantaron espectacular. Nos vemos el viernes otra vez\u2026&#8221;<\/strong>, public\u00f3 en su cuenta oficial de Instagram el lunes, luego de ser presentado ante los hinchas en el Inter Miami.<\/p>\n","protected":false},"excerpt":{"rendered":"<p>El astro argentino tendr\u00eda su estreno este viernes, aunque David Beckham sembr\u00f3 dudas sobre su presencia en la cancha. El astro argentino\u00a0Lionel Messi\u00a0contin\u00faa con su preparaci\u00f3n en el\u00a0Inter Miami\u00a0de cara&hellip; <\/p>\n","protected":false},"author":4,"featured_media":74714,"comment_status":"closed","ping_status":"open","sticky":false,"template":"","format":"standard","meta":{"footnotes":""},"categories":[4],"tags":[],"class_list":["post-74713","post","type-post","status-publish","format-standard","has-post-thumbnail","hentry","category-deportes"],"_links":{"self":[{"href":"https:\/\/corrientesdetarde.com\/index.php\/wp-json\/wp\/v2\/posts\/74713","targetHints":{"allow":["GET"]}}],"collection":[{"href":"https:\/\/corrientesdetarde.com\/index.php\/wp-json\/wp\/v2\/posts"}],"about":[{"href":"https:\/\/corrientesdetarde.com\/index.php\/wp-json\/wp\/v2\/types\/post"}],"author":[{"embeddable":true,"href":"https:\/\/corrientesdetarde.com\/index.php\/wp-json\/wp\/v2\/users\/4"}],"replies":[{"embeddable":true,"href":"https:\/\/corrientesdetarde.com\/index.php\/wp-json\/wp\/v2\/comments?post=74713"}],"version-history":[{"count":1,"href":"https:\/\/corrientesdetarde.com\/index.php\/wp-json\/wp\/v2\/posts\/74713\/revisions"}],"predecessor-version":[{"id":74715,"href":"https:\/\/corrientesdetarde.com\/index.php\/wp-json\/wp\/v2\/posts\/74713\/revisions\/74715"}],"wp:featuredmedia":[{"embeddable":true,"href":"https:\/\/corrientesdetarde.com\/index.php\/wp-json\/wp\/v2\/media\/74714"}],"wp:attachment":[{"href":"https:\/\/corrientesdetarde.com\/index.php\/wp-json\/wp\/v2\/media?parent=74713"}],"wp:term":[{"taxonomy":"category","embeddable":true,"href":"https:\/\/corrientesdetarde.com\/index.php\/wp-json\/wp\/v2\/categories?post=74713"},{"taxonomy":"post_tag","embeddable":true,"href":"https:\/\/corrientesdetarde.com\/index.php\/wp-json\/wp\/v2\/tags?post=74713"}],"curies":[{"name":"wp","href":"https:\/\/api.w.org\/{rel}","templated":true}]}}