{"id":7482,"date":"2022-09-30T17:14:39","date_gmt":"2022-09-30T20:14:39","guid":{"rendered":"https:\/\/corrientesdetarde.com\/?p=7482"},"modified":"2022-09-30T17:14:42","modified_gmt":"2022-09-30T20:14:42","slug":"dato-oficial-cuantos-empleados-hay-en-el-estado-nacional","status":"publish","type":"post","link":"https:\/\/corrientesdetarde.com\/index.php\/nacionales\/dato-oficial-cuantos-empleados-hay-en-el-estado-nacional\/","title":{"rendered":"Dato oficial: cu\u00e1ntos empleados hay en el Estado nacional"},"content":{"rendered":"\n<p>El Indec hizo la primera publicaci\u00f3n de la dotaci\u00f3n de empleados en el sector p\u00fablico; se actualizar\u00e1 cada mes<\/p>\n\n\n\n<p>El Estado nacional<strong>&nbsp;emplea a 341.681 personas<\/strong>, de las cuales 230.592 corresponden a la administraci\u00f3n p\u00fablica nacional y 111.089 a empresas y sociedades. En la administraci\u00f3n centralizada, que incluye los ministerios, la cartera con m\u00e1s contrataciones activas es el&nbsp;<strong>Ministerio de Econom\u00eda<\/strong>, con 9964. En la descentralizada, el&nbsp;<strong>Conicet<\/strong>, con 27.970 empleados y, entre las empresas p\u00fablicas, la n\u00famero uno en el ranking es Trenes Argentinos, con 24.185.<\/p>\n\n\n\n<p>Los datos surgen del primer informe al respecto publicado hoy por el Indec, que aborda uno de los primeros anuncios de Sergio Massa al frente del Ministerio de Econom\u00eda. Al momento de su llegada, el exintendente de Tigre prometi\u00f3 blanquear la situaci\u00f3n del empleo p\u00fablico, en una idea fue de la mano de mantener una medida pensada e implementada, en realidad, por sus antecesores (Mart\u00edn Guzm\u00e1n y Silvina Batakis, respectivamente):\u00a0<strong>congelar las nuevas contrataciones del Estado.<\/strong><\/p>\n\n\n\n<p>El informe de&nbsp;<strong>\u201cDotaci\u00f3n de personal de la administraci\u00f3n p\u00fablica nacional, empresas y sociedades\u201d&nbsp;<\/strong>ser\u00e1 de acceso p\u00fablico y&nbsp;<strong>se actualizar\u00e1 mensualmente<\/strong>&nbsp;\u201ccon las presentaciones de las declaraciones juradas y permitir\u00e1 controlar que nadie viole el compromiso de no aumentar el personal de la administraci\u00f3n p\u00fablica nacional y sus empresas, salvo cuestiones operativas explicadas\u201d, seg\u00fan explic\u00f3 Massa en su cuenta de Twitter.<\/p>\n\n\n\n<p>Sin embargo,\u00a0<strong>el informe no contemplar\u00e1 las jurisdicciones provinciales y municipales, que son aquellas que concentran la mayor parte de los puestos de trabajo en el sector p\u00fablico\u00a0<\/strong>y en las que el crecimiento del empleo fue m\u00e1s pronunciado en los \u00faltimos 20 a\u00f1os. De acuerdo con un informe de la\u00a0<strong>Fundaci\u00f3n Pa\u00eds Abierto y Digital<\/strong>, presidida por Andr\u00e9s Ibarra, exministro de Modernizaci\u00f3n durante la gesti\u00f3n de Mauricio Macri,\u00a0<strong>entre 2019 y 2021 el empleo p\u00fablico creci\u00f3 1,9% en el \u00e1mbito nacional y 5,1% en el provincial y municipal.<\/strong><\/p>\n\n\n\n<p>La evaluaci\u00f3n incluye a las empresas del Estado, las sociedades del Estado, las sociedades an\u00f3nimas con participaci\u00f3n estatal mayoritaria, las sociedades de econom\u00eda mixta y todas aquellas organizaciones empresarias en las cuales el Estado nacional tiene participaci\u00f3n mayoritaria en el capital o en la formaci\u00f3n de las decisiones societarias, como as\u00ed tambi\u00e9n a los fondos fiduciarios total o mayoritariamente integrados con bienes o fondos del Estado nacional.<\/p>\n\n\n\n<figure class=\"wp-block-image size-full\"><img decoding=\"async\" src=\"https:\/\/corrientesdetarde.com\/wp-content\/uploads\/2022\/09\/image-376.png\" alt=\"\" class=\"wp-image-7483\"\/><\/figure>\n","protected":false},"excerpt":{"rendered":"<p>El Indec hizo la primera publicaci\u00f3n de la dotaci\u00f3n de empleados en el sector p\u00fablico; se actualizar\u00e1 cada mes El Estado nacional&nbsp;emplea a 341.681 personas, de las cuales 230.592 corresponden&hellip; <\/p>\n","protected":false},"author":8,"featured_media":0,"comment_status":"closed","ping_status":"open","sticky":false,"template":"","format":"standard","meta":{"footnotes":""},"categories":[10],"tags":[],"class_list":["post-7482","post","type-post","status-publish","format-standard","hentry","category-nacionales"],"_links":{"self":[{"href":"https:\/\/corrientesdetarde.com\/index.php\/wp-json\/wp\/v2\/posts\/7482","targetHints":{"allow":["GET"]}}],"collection":[{"href":"https:\/\/corrientesdetarde.com\/index.php\/wp-json\/wp\/v2\/posts"}],"about":[{"href":"https:\/\/corrientesdetarde.com\/index.php\/wp-json\/wp\/v2\/types\/post"}],"author":[{"embeddable":true,"href":"https:\/\/corrientesdetarde.com\/index.php\/wp-json\/wp\/v2\/users\/8"}],"replies":[{"embeddable":true,"href":"https:\/\/corrientesdetarde.com\/index.php\/wp-json\/wp\/v2\/comments?post=7482"}],"version-history":[{"count":1,"href":"https:\/\/corrientesdetarde.com\/index.php\/wp-json\/wp\/v2\/posts\/7482\/revisions"}],"predecessor-version":[{"id":7485,"href":"https:\/\/corrientesdetarde.com\/index.php\/wp-json\/wp\/v2\/posts\/7482\/revisions\/7485"}],"wp:attachment":[{"href":"https:\/\/corrientesdetarde.com\/index.php\/wp-json\/wp\/v2\/media?parent=7482"}],"wp:term":[{"taxonomy":"category","embeddable":true,"href":"https:\/\/corrientesdetarde.com\/index.php\/wp-json\/wp\/v2\/categories?post=7482"},{"taxonomy":"post_tag","embeddable":true,"href":"https:\/\/corrientesdetarde.com\/index.php\/wp-json\/wp\/v2\/tags?post=7482"}],"curies":[{"name":"wp","href":"https:\/\/api.w.org\/{rel}","templated":true}]}}