{"id":7486,"date":"2022-09-30T17:19:16","date_gmt":"2022-09-30T20:19:16","guid":{"rendered":"https:\/\/corrientesdetarde.com\/?p=7486"},"modified":"2022-09-30T17:19:20","modified_gmt":"2022-09-30T20:19:20","slug":"se-conocieron-los-motivos-por-los-cuales-espn-echo-a-alejandro-fantino","status":"publish","type":"post","link":"https:\/\/corrientesdetarde.com\/index.php\/espectaculos\/se-conocieron-los-motivos-por-los-cuales-espn-echo-a-alejandro-fantino\/","title":{"rendered":"Se conocieron los motivos por los cuales ESPN ech\u00f3 a Alejandro Fantino"},"content":{"rendered":"\n<p>Alejandro Fantino fue despedido del grupo Disney, que maneja el canal ESPN y Star Plus, entre otros, por los mensajes contra Closs y Vignolo.<\/p>\n\n\n\n<p><strong>Alejandro Fantino fue despedido del grupo Disney, que con ESPN son hace tiempo pr\u00e1cticamente los due\u00f1os del f\u00fatbol argentino, no solo por violento,&nbsp;<\/strong>no hubo com\u00fan acuerdo porque la desvinculaci\u00f3n fue unilateral. Luego acordaron c\u00f3mo ser\u00eda esa salida.<\/p>\n\n\n\n<p>Fantino desde su plataforma el jueves lament\u00f3 la salida y<strong>\u00a0otra vez tuvo mensajes violentos,<\/strong>\u00a0fuera de lugar, contra Mariano Closs y Sebasti\u00e1n Pollo Vignolo.<\/p>\n\n\n\n<h2 class=\"wp-block-heading\">\u00bfPor qu\u00e9 echaron a Fantino?<\/h2>\n\n\n\n<p><strong>En los pasillos de ESPN mientras se preparaban Closs y Vignolo para hacer sus programas, se confirm\u00f3 que Fantino hab\u00eda sido despedido<\/strong>, como adelant\u00f3&nbsp;<strong>minutouno.com.<\/strong><\/p>\n\n\n\n<p>M\u00e1s tarde, habl\u00f3 Fantino y dijo que&nbsp;<strong>en una charla con las autoridades del canal hab\u00edan decidido finalizar su participaci\u00f3n ahora en Star Plus.<\/strong><\/p>\n\n\n\n<p>Sin embargo, no hubo com\u00fan acuerdo en cuanto a la continuidad de Fantino porque&nbsp;<strong>las autoridades decidieron despedirlo, como se adelant\u00f3.<\/strong><\/p>\n\n\n\n<p><strong>La excusa principal\u00a0<\/strong>para despedir a Fantino fueron sus mensajes violentos contra Closs y Vignolo, como tambi\u00e9n se inform\u00f3 desde Socios del Espect\u00e1culo, el programa que conducen Lussich y Pallares por El Trece.<\/p>\n\n\n\n<p>Sin embargo,<strong>\u00a0tambi\u00e9n hubo cuestiones econ\u00f3micas, porque Fantino le sal\u00eda muy caro al canal\u00a0<\/strong>y no le daba ning\u00fan tipo de r\u00e9ditos su presencia, ni a nivel rating, que era tan bajo como el de Animales Sueltos en Am\u00e9rica TV.<\/p>\n\n\n\n<figure class=\"wp-block-image size-full\"><img decoding=\"async\" src=\"https:\/\/corrientesdetarde.com\/wp-content\/uploads\/2022\/09\/image-377.png\" alt=\"\" class=\"wp-image-7487\"\/><\/figure>\n","protected":false},"excerpt":{"rendered":"<p>Alejandro Fantino fue despedido del grupo Disney, que maneja el canal ESPN y Star Plus, entre otros, por los mensajes contra Closs y Vignolo. Alejandro Fantino fue despedido del grupo&hellip; <\/p>\n","protected":false},"author":8,"featured_media":0,"comment_status":"closed","ping_status":"open","sticky":false,"template":"","format":"standard","meta":{"footnotes":""},"categories":[19],"tags":[],"class_list":["post-7486","post","type-post","status-publish","format-standard","hentry","category-espectaculos"],"_links":{"self":[{"href":"https:\/\/corrientesdetarde.com\/index.php\/wp-json\/wp\/v2\/posts\/7486","targetHints":{"allow":["GET"]}}],"collection":[{"href":"https:\/\/corrientesdetarde.com\/index.php\/wp-json\/wp\/v2\/posts"}],"about":[{"href":"https:\/\/corrientesdetarde.com\/index.php\/wp-json\/wp\/v2\/types\/post"}],"author":[{"embeddable":true,"href":"https:\/\/corrientesdetarde.com\/index.php\/wp-json\/wp\/v2\/users\/8"}],"replies":[{"embeddable":true,"href":"https:\/\/corrientesdetarde.com\/index.php\/wp-json\/wp\/v2\/comments?post=7486"}],"version-history":[{"count":1,"href":"https:\/\/corrientesdetarde.com\/index.php\/wp-json\/wp\/v2\/posts\/7486\/revisions"}],"predecessor-version":[{"id":7489,"href":"https:\/\/corrientesdetarde.com\/index.php\/wp-json\/wp\/v2\/posts\/7486\/revisions\/7489"}],"wp:attachment":[{"href":"https:\/\/corrientesdetarde.com\/index.php\/wp-json\/wp\/v2\/media?parent=7486"}],"wp:term":[{"taxonomy":"category","embeddable":true,"href":"https:\/\/corrientesdetarde.com\/index.php\/wp-json\/wp\/v2\/categories?post=7486"},{"taxonomy":"post_tag","embeddable":true,"href":"https:\/\/corrientesdetarde.com\/index.php\/wp-json\/wp\/v2\/tags?post=7486"}],"curies":[{"name":"wp","href":"https:\/\/api.w.org\/{rel}","templated":true}]}}