{"id":7493,"date":"2022-09-30T17:30:02","date_gmt":"2022-09-30T20:30:02","guid":{"rendered":"https:\/\/corrientesdetarde.com\/?p=7493"},"modified":"2022-09-30T17:30:05","modified_gmt":"2022-09-30T20:30:05","slug":"termino-el-dolar-soja-sergio-massa-dara-conocer-los-resultados-de-la-medida","status":"publish","type":"post","link":"https:\/\/corrientesdetarde.com\/index.php\/economia\/termino-el-dolar-soja-sergio-massa-dara-conocer-los-resultados-de-la-medida\/","title":{"rendered":"Termin\u00f3 el d\u00f3lar soja: Sergio Massa dar\u00e1 conocer los resultados de la medida"},"content":{"rendered":"\n<p>A las 15 concluy\u00f3 el Programa de Incremento Exportador, conocido como &#8220;d\u00f3lar soja&#8221;. El ministro de Econom\u00eda, Sergio Massa, dar\u00e1 una conferencia a las 18 en el Palacio de Hacienda.<\/p>\n\n\n\n<p>El&nbsp;<strong>Programa de Incremento Exportador (PIE), conocido como &#8220;d\u00f3lar soja&#8221;&nbsp;<\/strong>concluy\u00f3 a las 15 y a las 18 el&nbsp;<strong>ministro de Econom\u00eda, Sergio Massa,<\/strong>&nbsp;dar\u00e1 a conocer en el Palacio de Hacienda los resultados de la medida que estableci\u00f3 un tipo de cambio de $ 200 por d\u00f3lar para las exportaciones de soja.<\/p>\n\n\n\n<p>La medida fue acordada con los principales complejos exportadores, que se comprometieron a liquidar soja y derivados por, al menos, US$ 5.000 millones durante este mes, objetivo que ya fue superado la semana pasada.<\/p>\n\n\n\n<p>El Programa ya super\u00f3 los US$ 6.000 millones, seg\u00fan lo informado por la C\u00e1mara de la Industria Aceitera de la Rep\u00fablica Argentina (Ciara) y el Centro de Exportadores de Cereales (CEC).<\/p>\n\n\n\n<p><strong>Sergio Massa hab\u00eda reafirmado esta semana, a trav\u00e9s de la red social Twitter, que hoy terminaba el programa de fomento de exportaciones iniciado el 5 de septiembre &#8220;con todos los sectores de la cadena agroindustrial argentina&#8221;.<\/strong><\/p>\n\n\n\n<p><strong>&#8220;Hasta ac\u00e1 ha sido un \u00e9xito muy importante tanto para la movilizaci\u00f3n econ\u00f3mica de nuestra producci\u00f3n como tambi\u00e9n para la contribuci\u00f3n a las reservas argentinas y la agenda de seguridad global alimentaria&#8221;,&nbsp;<\/strong>hab\u00eda indicado ese d\u00eda. Adem\u00e1s, hab\u00eda precisado que<strong>&nbsp;&#8220;hasta el d\u00eda viernes 30 a las 15 se podr\u00e1n realizar operaciones de acuerdo con valores de pizarra&#8221;,<\/strong>&nbsp;y se\u00f1alado que,&nbsp;<strong>&#8220;luego, s\u00f3lo se podr\u00e1n completar los tr\u00e1mites administrativos de dichas operaciones&#8221;.<\/strong><\/p>\n\n\n\n<p><strong>&#8220;Queremos agradecer el acompa\u00f1amiento y trabajo del campo a esta medida a lo largo de estas semanas e invitarlos a trabajar los cinco d\u00edas restantes con el mismo empe\u00f1o, transparencia y profesionalismo&#8221;,&nbsp;<\/strong>subray\u00f3 Sergio Massa.<\/p>\n","protected":false},"excerpt":{"rendered":"<p>A las 15 concluy\u00f3 el Programa de Incremento Exportador, conocido como &#8220;d\u00f3lar soja&#8221;. El ministro de Econom\u00eda, Sergio Massa, dar\u00e1 una conferencia a las 18 en el Palacio de Hacienda.&hellip; <\/p>\n","protected":false},"author":8,"featured_media":0,"comment_status":"closed","ping_status":"open","sticky":false,"template":"","format":"standard","meta":{"footnotes":""},"categories":[20],"tags":[],"class_list":["post-7493","post","type-post","status-publish","format-standard","hentry","category-economia"],"_links":{"self":[{"href":"https:\/\/corrientesdetarde.com\/index.php\/wp-json\/wp\/v2\/posts\/7493","targetHints":{"allow":["GET"]}}],"collection":[{"href":"https:\/\/corrientesdetarde.com\/index.php\/wp-json\/wp\/v2\/posts"}],"about":[{"href":"https:\/\/corrientesdetarde.com\/index.php\/wp-json\/wp\/v2\/types\/post"}],"author":[{"embeddable":true,"href":"https:\/\/corrientesdetarde.com\/index.php\/wp-json\/wp\/v2\/users\/8"}],"replies":[{"embeddable":true,"href":"https:\/\/corrientesdetarde.com\/index.php\/wp-json\/wp\/v2\/comments?post=7493"}],"version-history":[{"count":1,"href":"https:\/\/corrientesdetarde.com\/index.php\/wp-json\/wp\/v2\/posts\/7493\/revisions"}],"predecessor-version":[{"id":7495,"href":"https:\/\/corrientesdetarde.com\/index.php\/wp-json\/wp\/v2\/posts\/7493\/revisions\/7495"}],"wp:attachment":[{"href":"https:\/\/corrientesdetarde.com\/index.php\/wp-json\/wp\/v2\/media?parent=7493"}],"wp:term":[{"taxonomy":"category","embeddable":true,"href":"https:\/\/corrientesdetarde.com\/index.php\/wp-json\/wp\/v2\/categories?post=7493"},{"taxonomy":"post_tag","embeddable":true,"href":"https:\/\/corrientesdetarde.com\/index.php\/wp-json\/wp\/v2\/tags?post=7493"}],"curies":[{"name":"wp","href":"https:\/\/api.w.org\/{rel}","templated":true}]}}