{"id":74995,"date":"2023-07-21T12:06:38","date_gmt":"2023-07-21T15:06:38","guid":{"rendered":"https:\/\/corrientesdetarde.com\/?p=74995"},"modified":"2023-07-21T12:06:43","modified_gmt":"2023-07-21T15:06:43","slug":"chaco-con-chalecos-antibalas-de-la-policia-robaron-casi-3-millones","status":"publish","type":"post","link":"https:\/\/corrientesdetarde.com\/index.php\/crimen-y-justicia\/chaco-con-chalecos-antibalas-de-la-policia-robaron-casi-3-millones\/","title":{"rendered":"Chaco: con chalecos antibalas de la Polic\u00eda robaron casi $ 3 millones"},"content":{"rendered":"\n<p>Maniataron a mujeres y ni\u00f1os en una vivienda, golpearon salvajemente a un hombre y se robaron cuanto pudieron. Tras a un operativo cerrojo de la Polic\u00eda de Chaco, atrap\u00f3\u00a0a 5 integrantes de la banda, en medio de una huida a tiros.<\/p>\n\n\n\n<p>Un hecho de&nbsp;inseguridad impactante y de pel\u00edcula&nbsp;vivi\u00f3 una familia de&nbsp;Resistencia- Chaco&nbsp;este jueves a las 18.30 horas en la calle&nbsp;San Lorenzo al 300&nbsp;aproximadamente. La Polic\u00eda comenz\u00f3 a intervenir unos cuarenta minutos despu\u00e9s del robo que relat\u00f3 un hombre y que ocurri\u00f3 en la casa de su hermana, donde se encontraban otras dos hermanas, dos amigas y dos menores de edad.<\/p>\n\n\n\n<figure class=\"wp-block-image\"><a href=\"https:\/\/www.radiosudamericana.com\/notix\/multimedia\/imagenes\/fotos\/2023-07-21\/745053.jpg\"><img decoding=\"async\" src=\"https:\/\/www.radiosudamericana.com\/notix\/multimedia\/imagenes\/fotos\/2023-07-21\/745053.jpg_nota.jpg\" alt=\"\"\/><\/a><\/figure>\n\n\n\n<p>Una de las v\u00edctimas del robo, un hombre de 35 a\u00f1os empleado de una concesionaria, relat\u00f3 que se encontraba en la casa de su hermana de 29 junto a las otras personas mencionadas, cuando decidi\u00f3 retirarse del domicilio: ah\u00ed&nbsp;comenz\u00f3 la pesadilla.<\/p>\n\n\n\n<p>Al abrir la puerta para retirarse del lugar, de forma imprevista&nbsp;ingresaron tres hombres con chalecos antibalas, uno de ellos vistiendo uniforme policial, quienes manifestaron ser empleados policiales.&nbsp;Los delincuentes actuaron con violencia. Al denunciante le propinaron una&nbsp;patada en la cara&nbsp;&nbsp;y luego lo apuntaron con un arma de fuego.<\/p>\n\n\n\n<p>Con la misma desmedida violencia actuaron contra los ni\u00f1os y las cinco mujeres presentes, a quienes&nbsp;maniataron con precintos y cables.&nbsp;<\/p>\n\n\n\n<figure class=\"wp-block-image\"><a href=\"https:\/\/www.radiosudamericana.com\/notix\/multimedia\/imagenes\/fotos\/2023-07-21\/962743.jpg\"><img decoding=\"async\" src=\"https:\/\/www.radiosudamericana.com\/notix\/multimedia\/imagenes\/fotos\/2023-07-21\/962743.jpg_nota.jpg\" alt=\"\"\/><\/a><\/figure>\n\n\n\n<p>Ya con la casa revuelta y las v\u00edctimas atadas, se retiraron de la casa llev\u00e1ndose una mochila que conten\u00eda&nbsp;$ 800.000, U$S 2.000, m\u00e1s un celular y una billetera con $ 10.000. Tambi\u00e9n documentaciones, tarjeta de d\u00e9bito y cr\u00e9dito, m\u00e1s la llave del veh\u00edculo del denunciante.<\/p>\n\n\n\n<p>No solo eso sustrajeron. A su hermana le robaron&nbsp;$ 900.000 y un&nbsp;IPhone,&nbsp;a otra hermana otro celular&nbsp;Apple&nbsp;y $ 20.000. No se salv\u00f3 ni el menor de edad que tras el traum\u00e1tico hecho se qued\u00f3 sin su celular. El resto de las v\u00edctimas sufri\u00f3 el robo de sus billeteras, celulares y documentaciones.<\/p>\n\n\n\n<p>Luego de recolectar el bot\u00edn, los delincuentes&nbsp;huyeron por calle San Lorenzo&nbsp;hacia sus n\u00fameros ascendentes en el veh\u00edculo en el que llegaron, un Peugeot 208 blanco, pero tambi\u00e9n se llevaron el de una de las v\u00edctimas, un Volkswagen Gol Trend, y no conforme con ellos tambi\u00e9n una motocicleta de una de las mujeres que estaba all\u00ed; una Honda Wave blanca.<\/p>\n\n\n\n<figure class=\"wp-block-image\"><a href=\"https:\/\/www.radiosudamericana.com\/notix\/multimedia\/imagenes\/fotos\/2023-07-21\/769471.jpg\"><img decoding=\"async\" src=\"https:\/\/www.radiosudamericana.com\/notix\/multimedia\/imagenes\/fotos\/2023-07-21\/769471.jpg_nota.jpg\" alt=\"\"\/><\/a><\/figure>\n\n\n\n<p>Los efectivos comenzaron a actuar tras tomar conocimiento de lo ocurrido y las v\u00edctimas fueron trasladadas hacia la comisar\u00eda para que realicen la denuncia correspondiente. Mientras, comenz\u00f3 un operativo cerrojo, con la participaci\u00f3n de distintas divisiones policiales, para capturar a los ladrones.<\/p>\n\n\n\n<p>Un grupo de efectivos que patrull\u00f3 la zona sur dialog\u00f3 con vecinos que transmitieron haber visto a un autom\u00f3vil similar al robado y que pas\u00f3 a gran velocidad con varios ocupantes por el puente de Lisandro de la Torre.<\/p>\n\n\n\n<p>Las recorridas policiales se desplegaron tambi\u00e9n por&nbsp;Villa Don Andr\u00e9s, donde en la intersecci\u00f3n de&nbsp;Julio Acosta (4.100) y Gabriel Carrasco notaron la circular al Peugeot 208 que utilizaron los &#8220;poliladrones&#8221;. &#8220;Al intentar interceptarlo, sus ocupantes se percatan de la presencia policial, descienden del autom\u00f3vil y se introducen a un inmueble, observ\u00e1ndose estacionados all\u00ed la motocicleta y el veh\u00edculo sustra\u00eddos minutos atr\u00e1s&#8221;, detalla el informe al que accedi\u00f3&nbsp;Diario Chaco&nbsp;.<\/p>\n\n\n\n<p>Con la ayuda judicial, los uniformados comenzaron a intervenir y demoraron, en primera instancia a 3 hombres, mientras que otros dos se dieron a la fuga a pie,&nbsp;efectuando disparos de arma de fuego&nbsp;. La fuga fue frustrada y la Polic\u00eda logr\u00f3 capturar a los 5 delincuentes.<\/p>\n\n\n\n<figure class=\"wp-block-image\"><a href=\"https:\/\/www.radiosudamericana.com\/notix\/multimedia\/imagenes\/fotos\/2023-07-21\/582801.jpg\"><img decoding=\"async\" src=\"https:\/\/www.radiosudamericana.com\/notix\/multimedia\/imagenes\/fotos\/2023-07-21\/582801.jpg_nota.jpg\" alt=\"\"\/><\/a><\/figure>\n\n\n\n<p>La fiscal interviniente,&nbsp;Beatriz Soto, dispuso que los cinco capturados sean notificados del delinto de &#8220;robo a mano armada y privaci\u00f3n ileg\u00edtima de la libertad&#8221;.<\/p>\n\n\n\n<h2 class=\"wp-block-heading\"><strong>QUI\u00c9NES SON LOS DETENIDOS<\/strong><\/h2>\n\n\n\n<p>La Polic\u00eda del Chaco a\u00fan no inform\u00f3 si alguno de los integrantes de la banda delictiva es miembro de la fuerza. Los detenidos son G.F.A. de 19 a\u00f1os, E.D.A. (30), F.S.D. (32), C.A.J.C. (33) y M.A.A. (22), este \u00faltimo mismo apellido que el ladr\u00f3n de 19.<\/p>\n\n\n\n<h2 class=\"wp-block-heading\"><strong>QU\u00c9 SECUESTR\u00d3 LA POLIC\u00cdA<\/strong><\/h2>\n\n\n\n<p>Con la colaboraci\u00f3n de distintas divisiones policiales, se secuestr\u00f3: la suma de $ 1.435.000 pesos, la suma de U$ 400 &nbsp;d\u00f3lares, un bolso, un pistolero de cuero, dos remeras con el escudo de la polic\u00eda, un pantal\u00f3n de grafa satinado, un chaleco de trasporte de poliamida, una gorra de la Polic\u00eda del Chaco, una gorra con visera negra y blanca, un chaleco bal\u00edstico negro con la inscripci\u00f3n Polic\u00eda, un pul\u00f3ver tipo policial azul, una arma de fuego tipo rev\u00f3lver tambor de 6 alv\u00e9olos. Tambi\u00e9n distintas pertenencias de las v\u00edctimas y el auto en el que se desplazaban los ladrones.<\/p>\n\n\n\n<figure class=\"wp-block-image\"><a href=\"https:\/\/www.radiosudamericana.com\/notix\/multimedia\/imagenes\/fotos\/2023-07-21\/600973.jpg\"><img decoding=\"async\" src=\"https:\/\/www.radiosudamericana.com\/notix\/multimedia\/imagenes\/fotos\/2023-07-21\/600973.jpg_nota.jpg\" alt=\"\"\/><\/a><\/figure>\n\n\n\n<p>Como si fuera poco, tambi\u00e9n secuestraron cartuchos y vainas de distintos calibres, 43 gramos de coca\u00edna, una balanza digital, una escopeta y motocicletas.<\/p>\n\n\n\n<p>Diario Chaco<\/p>\n","protected":false},"excerpt":{"rendered":"<p>Maniataron a mujeres y ni\u00f1os en una vivienda, golpearon salvajemente a un hombre y se robaron cuanto pudieron. Tras a un operativo cerrojo de la Polic\u00eda de Chaco, atrap\u00f3\u00a0a 5&hellip; <\/p>\n","protected":false},"author":1,"featured_media":74996,"comment_status":"closed","ping_status":"open","sticky":false,"template":"","format":"standard","meta":{"footnotes":""},"categories":[5],"tags":[],"class_list":["post-74995","post","type-post","status-publish","format-standard","has-post-thumbnail","hentry","category-crimen-y-justicia"],"_links":{"self":[{"href":"https:\/\/corrientesdetarde.com\/index.php\/wp-json\/wp\/v2\/posts\/74995","targetHints":{"allow":["GET"]}}],"collection":[{"href":"https:\/\/corrientesdetarde.com\/index.php\/wp-json\/wp\/v2\/posts"}],"about":[{"href":"https:\/\/corrientesdetarde.com\/index.php\/wp-json\/wp\/v2\/types\/post"}],"author":[{"embeddable":true,"href":"https:\/\/corrientesdetarde.com\/index.php\/wp-json\/wp\/v2\/users\/1"}],"replies":[{"embeddable":true,"href":"https:\/\/corrientesdetarde.com\/index.php\/wp-json\/wp\/v2\/comments?post=74995"}],"version-history":[{"count":1,"href":"https:\/\/corrientesdetarde.com\/index.php\/wp-json\/wp\/v2\/posts\/74995\/revisions"}],"predecessor-version":[{"id":74997,"href":"https:\/\/corrientesdetarde.com\/index.php\/wp-json\/wp\/v2\/posts\/74995\/revisions\/74997"}],"wp:featuredmedia":[{"embeddable":true,"href":"https:\/\/corrientesdetarde.com\/index.php\/wp-json\/wp\/v2\/media\/74996"}],"wp:attachment":[{"href":"https:\/\/corrientesdetarde.com\/index.php\/wp-json\/wp\/v2\/media?parent=74995"}],"wp:term":[{"taxonomy":"category","embeddable":true,"href":"https:\/\/corrientesdetarde.com\/index.php\/wp-json\/wp\/v2\/categories?post=74995"},{"taxonomy":"post_tag","embeddable":true,"href":"https:\/\/corrientesdetarde.com\/index.php\/wp-json\/wp\/v2\/tags?post=74995"}],"curies":[{"name":"wp","href":"https:\/\/api.w.org\/{rel}","templated":true}]}}