{"id":7506,"date":"2022-09-30T18:12:19","date_gmt":"2022-09-30T21:12:19","guid":{"rendered":"https:\/\/corrientesdetarde.com\/?p=7506"},"modified":"2022-09-30T18:34:13","modified_gmt":"2022-09-30T21:34:13","slug":"fiesta-nacional-del-teatro-mira-la-grilla-de-obras-en-corrientes","status":"publish","type":"post","link":"https:\/\/corrientesdetarde.com\/index.php\/cultura\/fiesta-nacional-del-teatro-mira-la-grilla-de-obras-en-corrientes\/","title":{"rendered":"Fiesta Nacional del Teatro: mir\u00e1 la grilla de obras en Corrientes"},"content":{"rendered":"\n<p>El encuentro que se extender\u00e1 hasta el 6 de octubre, re\u00fane a artistas y elencos de todo el pa\u00eds que asumen obras para adultos e infancias, adem\u00e1s de talleres y conferencias, entre otras actividades.<\/p>\n\n\n\n<p><strong>Entre el&nbsp;29 de septiembre y el 6 de octubre&nbsp;tendr\u00e1 lugar la&nbsp;Fiesta Nacional del Teatro,&nbsp;<\/strong>en su&nbsp;36\u00b0 edici\u00f3n. La muestra federal que organiza anualmente el INT (Instituto Nacional del Teatro)&nbsp;<strong>tendr\u00e1 su sede en la ciudad de&nbsp;Resistencia, Chaco,&nbsp;pero se extender\u00e1 a otras&nbsp;12 localidades&nbsp;de la provincia,<\/strong>&nbsp;adem\u00e1s de ofrecer un gran corredor teatral con funciones y actividades en las provincias de&nbsp;Misiones, Formosa y Corrientes.&nbsp;<\/p>\n\n\n\n<p>La gran muestra, resultado de la selecci\u00f3n en dos instancias previas (provincial y regional), permitir\u00e1 a los participantes ponerse en contacto con la obra tanto de los grupos y directores consagrados como los que reci\u00e9n se inician, pudiendo as\u00ed evaluar actitudes art\u00edsticas de cambio o continuidad respecto de la producci\u00f3n teatral de cada provincia.<\/p>\n\n\n\n<p>La programaci\u00f3n detallada en fechas, salas y horarios se puede ubicar en\u00a0<a href=\"https:\/\/inteatro.ar\/36fnt\/programa\/\">https:\/\/inteatro.ar\/36fnt\/programa\/<\/a><\/p>\n\n\n\n<figure class=\"wp-block-image size-full\"><img decoding=\"async\" src=\"https:\/\/corrientesdetarde.com\/wp-content\/uploads\/2022\/09\/image-379.png\" alt=\"\" class=\"wp-image-7507\"\/><\/figure>\n\n\n\n<figure class=\"wp-block-image size-full\"><img decoding=\"async\" src=\"https:\/\/corrientesdetarde.com\/wp-content\/uploads\/2022\/09\/image-380.png\" alt=\"\" class=\"wp-image-7509\"\/><\/figure>\n","protected":false},"excerpt":{"rendered":"<p>El encuentro que se extender\u00e1 hasta el 6 de octubre, re\u00fane a artistas y elencos de todo el pa\u00eds que asumen obras para adultos e infancias, adem\u00e1s de talleres y&hellip; <\/p>\n","protected":false},"author":8,"featured_media":0,"comment_status":"closed","ping_status":"open","sticky":false,"template":"","format":"standard","meta":{"footnotes":""},"categories":[15],"tags":[],"class_list":["post-7506","post","type-post","status-publish","format-standard","hentry","category-cultura"],"_links":{"self":[{"href":"https:\/\/corrientesdetarde.com\/index.php\/wp-json\/wp\/v2\/posts\/7506","targetHints":{"allow":["GET"]}}],"collection":[{"href":"https:\/\/corrientesdetarde.com\/index.php\/wp-json\/wp\/v2\/posts"}],"about":[{"href":"https:\/\/corrientesdetarde.com\/index.php\/wp-json\/wp\/v2\/types\/post"}],"author":[{"embeddable":true,"href":"https:\/\/corrientesdetarde.com\/index.php\/wp-json\/wp\/v2\/users\/8"}],"replies":[{"embeddable":true,"href":"https:\/\/corrientesdetarde.com\/index.php\/wp-json\/wp\/v2\/comments?post=7506"}],"version-history":[{"count":2,"href":"https:\/\/corrientesdetarde.com\/index.php\/wp-json\/wp\/v2\/posts\/7506\/revisions"}],"predecessor-version":[{"id":7511,"href":"https:\/\/corrientesdetarde.com\/index.php\/wp-json\/wp\/v2\/posts\/7506\/revisions\/7511"}],"wp:attachment":[{"href":"https:\/\/corrientesdetarde.com\/index.php\/wp-json\/wp\/v2\/media?parent=7506"}],"wp:term":[{"taxonomy":"category","embeddable":true,"href":"https:\/\/corrientesdetarde.com\/index.php\/wp-json\/wp\/v2\/categories?post=7506"},{"taxonomy":"post_tag","embeddable":true,"href":"https:\/\/corrientesdetarde.com\/index.php\/wp-json\/wp\/v2\/tags?post=7506"}],"curies":[{"name":"wp","href":"https:\/\/api.w.org\/{rel}","templated":true}]}}