{"id":75160,"date":"2023-07-22T10:07:18","date_gmt":"2023-07-22T13:07:18","guid":{"rendered":"https:\/\/corrientesdetarde.com\/?p=75160"},"modified":"2023-07-22T10:07:30","modified_gmt":"2023-07-22T13:07:30","slug":"mujeres-y-ninos-maniatados-con-cables-tras-robo-en-una-vivienda","status":"publish","type":"post","link":"https:\/\/corrientesdetarde.com\/index.php\/policiales\/mujeres-y-ninos-maniatados-con-cables-tras-robo-en-una-vivienda\/","title":{"rendered":"Mujeres y ni\u00f1os maniatados con cables tras robo en una vivienda"},"content":{"rendered":"\n<p>Una familia de Resistencia fue interceptada por cinco hombres, los golpearon salvajemente y les robaron cuanto pudieron. Gracias a un operativo cerrojo, atraparon a los integrantes de la banda, en medio de una huida a tiros.<\/p>\n\n\n\n<p>Fue poco despu\u00e9s de las 18:30 que en una vivienda ubicada en calle San Lorenzo al 300, pleno centro de la capital chaque\u00f1a, cinco delincuentes ingresaron con fines delictivos.<\/p>\n\n\n\n<p>Un hombre de 35 a\u00f1os relat\u00f3 a los efectivos c\u00f3mo se dieron los hechos que por poco terminan en tragedia. Dijo que estaba en la casa de su hermana de 29 a\u00f1os cuando decidi\u00f3 retirarse del lugar. Al abrir la puerta, los malvivientes aprovecharon e ingresaron.<\/p>\n\n\n\n<p>Los hombres que entraron lo hicieron con chalecos antibalas, uno de ellos vistiendo uniforme policial. Los delincuentes actuaron con suma violencia. Al denunciante le propinaron una patada en la cara y luego lo apuntaron con un arma de fuego.<\/p>\n\n\n\n<figure class=\"wp-block-image\"><img decoding=\"async\" src=\"https:\/\/www.diarioepoca.com\/content\/bucket\/1\/1309781w380h308c.jpg.webp\" alt=\"\"\/><\/figure>\n\n\n\n<p>Con la misma desmedida violencia actuaron contra los ni\u00f1os y las cinco mujeres presentes, a quienes maniataron con precintos y cables.<\/p>\n\n\n\n<p>Ya con la casa revuelta y las v\u00edctimas atadas, se retiraron llev\u00e1ndose una mochila en la cual cargaron 800 mil pesos, dos mil d\u00f3lares y tel\u00e9fonos celulares. Adem\u00e1s, una billetera con 10 mil pesos, tarjetas de d\u00e9bito y cr\u00e9dito, m\u00e1s la llave del veh\u00edculo del denunciante. Sumaron a su bot\u00edn otros 900 mil pesos. No se salv\u00f3 ni el menor de edad, que tras el traum\u00e1tico hecho se qued\u00f3 sin su tel\u00e9fono m\u00f3vil.<\/p>\n\n\n\n<p>Escaparon hacia calle San Lorenzo, con el veh\u00edculo Peugeot 208 en el cual llegaron. A\u00fan as\u00ed, se llevaron un Volkswagen Gol Trend y una moto Honda Wave.<\/p>\n\n\n\n<h2 class=\"wp-block-heading\">Localizados<\/h2>\n\n\n\n<p>Un grupo de efectivos que patrull\u00f3 la zona sur dialog\u00f3 con vecinos que transmitieron haber visto a un autom\u00f3vil similar al robado y que pas\u00f3 a gran velocidad con varios ocupantes por el puente de Lisandro de la Torre.<\/p>\n\n\n\n<p>Las recorridas policiales se desplegaron tambi\u00e9n por Villa Don Andr\u00e9s, donde en la intersecci\u00f3n de Julio Acosta al 4100 y Gabriel Carrasco notaron la circular del Peugeot 208 que utilizaron los &#8220;poliladrones&#8221;.<\/p>\n\n\n\n<p>&#8220;Al intentar interceptarlo, sus ocupantes se percataron de la presencia policial, descendieron del autom\u00f3vil y se introdujeron a un inmueble, observ\u00e1ndose estacionados all\u00ed la motocicleta y el veh\u00edculo sustra\u00eddos minutos atr\u00e1s&#8221;, informaron medios chaque\u00f1os.<\/p>\n\n\n\n<p>Con la ayuda judicial, los uniformados comenzaron a intervenir y demoraron, en primera instancia, a tres hombres, mientras que otros dos se dieron a la fuga a pie, efectuando disparos de arma de fuego.<\/p>\n\n\n\n<p>La fuga fue frustrada y la Polic\u00eda logr\u00f3 capturar a la totalidad de los delincuentes.<\/p>\n\n\n\n<p>La fiscal interviniente, Beatriz Soto, dispuso que los cinco capturados sean notificados del delito de &#8220;robo a mano armada y privaci\u00f3n ileg\u00edtima de la libertad&#8221;.<\/p>\n\n\n\n<h2 class=\"wp-block-heading\">Todos mayores de edad<\/h2>\n\n\n\n<p>La Polic\u00eda del Chaco a\u00fan no inform\u00f3 si alguno de los integrantes de la banda delictiva es miembro de la fuerza. Los detenidos son G.F.A., de 19 a\u00f1os, E.D.A. de 30, F.S.D. de 32, C.A.J.C. de 33 y M.A.A. de 22 a\u00f1os. Este \u00faltimo, con el mismo apellido que el ladr\u00f3n de 19. A quienes se les incaut\u00f3 11 cartuchos de distinto calibre, dos balanzas digitales, 43 gramos de coca\u00edna, una escopeta, una Motomel 110 y una Honda XR 125.<\/p>\n","protected":false},"excerpt":{"rendered":"<p>Una familia de Resistencia fue interceptada por cinco hombres, los golpearon salvajemente y les robaron cuanto pudieron. Gracias a un operativo cerrojo, atraparon a los integrantes de la banda, en&hellip; <\/p>\n","protected":false},"author":3,"featured_media":75161,"comment_status":"closed","ping_status":"open","sticky":false,"template":"","format":"standard","meta":{"footnotes":""},"categories":[33],"tags":[],"class_list":["post-75160","post","type-post","status-publish","format-standard","has-post-thumbnail","hentry","category-policiales"],"_links":{"self":[{"href":"https:\/\/corrientesdetarde.com\/index.php\/wp-json\/wp\/v2\/posts\/75160","targetHints":{"allow":["GET"]}}],"collection":[{"href":"https:\/\/corrientesdetarde.com\/index.php\/wp-json\/wp\/v2\/posts"}],"about":[{"href":"https:\/\/corrientesdetarde.com\/index.php\/wp-json\/wp\/v2\/types\/post"}],"author":[{"embeddable":true,"href":"https:\/\/corrientesdetarde.com\/index.php\/wp-json\/wp\/v2\/users\/3"}],"replies":[{"embeddable":true,"href":"https:\/\/corrientesdetarde.com\/index.php\/wp-json\/wp\/v2\/comments?post=75160"}],"version-history":[{"count":1,"href":"https:\/\/corrientesdetarde.com\/index.php\/wp-json\/wp\/v2\/posts\/75160\/revisions"}],"predecessor-version":[{"id":75162,"href":"https:\/\/corrientesdetarde.com\/index.php\/wp-json\/wp\/v2\/posts\/75160\/revisions\/75162"}],"wp:featuredmedia":[{"embeddable":true,"href":"https:\/\/corrientesdetarde.com\/index.php\/wp-json\/wp\/v2\/media\/75161"}],"wp:attachment":[{"href":"https:\/\/corrientesdetarde.com\/index.php\/wp-json\/wp\/v2\/media?parent=75160"}],"wp:term":[{"taxonomy":"category","embeddable":true,"href":"https:\/\/corrientesdetarde.com\/index.php\/wp-json\/wp\/v2\/categories?post=75160"},{"taxonomy":"post_tag","embeddable":true,"href":"https:\/\/corrientesdetarde.com\/index.php\/wp-json\/wp\/v2\/tags?post=75160"}],"curies":[{"name":"wp","href":"https:\/\/api.w.org\/{rel}","templated":true}]}}