{"id":75163,"date":"2023-07-22T10:08:29","date_gmt":"2023-07-22T13:08:29","guid":{"rendered":"https:\/\/corrientesdetarde.com\/?p=75163"},"modified":"2023-07-22T10:08:30","modified_gmt":"2023-07-22T13:08:30","slug":"encuentro-provincial-de-ferias-francas-con-mas-de-300-participantes","status":"publish","type":"post","link":"https:\/\/corrientesdetarde.com\/index.php\/sociales\/encuentro-provincial-de-ferias-francas-con-mas-de-300-participantes\/","title":{"rendered":"Encuentro provincial de Ferias Francas con m\u00e1s de 300 participantes"},"content":{"rendered":"\n<p>El tradicional evento organizado por la asociaci\u00f3n que nuclea a los emprendedores y peque\u00f1os productores de Corrientes se realizar\u00e1 el pr\u00f3ximo s\u00e1bado 29 y domingo 30, en el parque Mitre. El acto de lanzamiento ser\u00e1 el lunes a las 11, en el sal\u00f3n Verde de Casa de Gobierno.<\/p>\n\n\n\n<p>M\u00e1s de 300 feriantes y emprendedores correntinos, junto a delegaciones invitadas de varias provincias, dar\u00e1n vida al tradicional encuentro que re\u00fane a productores y visitantes de toda la regi\u00f3n para compartir alimentos frescos y naturales, conservas, chacinados, plantas, artesan\u00edas y manufacturas diversas.<\/p>\n\n\n\n<p>El evento se viene realizando hace 23 a\u00f1os y seg\u00fan sus organizadores: &#8220;Apuesta a visibilizar el trabajo de las familias agricultoras y emprendedoras en los diferentes municipios, generando trabajo genuino y desarrollo local&#8221;.<\/p>\n\n\n\n<p>&#8220;Hay mucha expectativa por el encuentro. Ya superamos los 300 feriantes y emprendedores inscriptos y confirmaron su participaci\u00f3n delegaciones de Misiones, Formosa, Chaco, Buenos Aires, Mendoza y La Rioja&#8221;, explic\u00f3 Antonia B\u00e1ez, presidente de la Asociaci\u00f3n Provincial.<\/p>\n\n\n\n<p>&#8220;A pesar de la intensa sequ\u00eda, hay un gran esfuerzo y compromiso de las familias de seguir sosteniendo la producci\u00f3n, agregando valor y mejorando la elaboraci\u00f3n de alimentos seg\u00fan las normativas sanitarias vigentes&#8221;.<\/p>\n\n\n\n<p>Esto se refleja en el crecimiento de las ferias y en el apoyo de nuestros amigos, clientes y consumidores&#8221;, destac\u00f3 B\u00e1ez.<\/p>\n\n\n\n<p>La presidente de la Asociaci\u00f3n agradeci\u00f3 el permanente apoyo de las instituciones y de los trabajadores de prensa, a quienes invit\u00f3 al lanzamiento del 23\u00b0 Encuentro de Ferias, a realizarse el pr\u00f3ximo lunes 24, en el sal\u00f3n Verde de la Casa de Gobierno de la provincia.<\/p>\n\n\n\n<figure class=\"wp-block-image\"><img decoding=\"async\" src=\"https:\/\/www.diarioepoca.com\/content\/bucket\/9\/1309759w380h288c.jpg.webp\" alt=\"\"\/><figcaption>FERIANTES DE DISTINTAS PROVINCIAS TAMBI\u00c9N PARTICIPAR\u00c1N DE LA 23\u00aa EDICI\u00d3N.<\/figcaption><\/figure>\n\n\n\n<p>Esta verdadera &#8220;fiesta de los sentidos&#8221;, en la que se compartir\u00e1n sabores, aromas y saberes de la agricultura familiar, se realizar\u00e1 los d\u00edas s\u00e1bado 29 y domingo 30, en el parque Mitre de nuestra capital.<\/p>\n\n\n\n<p>Habr\u00e1 demostraciones de preparaci\u00f3n de alimentos, como harina de ma\u00edz y miel de ca\u00f1a. Se ofrecer\u00e1n a precios promocionales: miel de abeja, almid\u00f3n de mandioca, yerba org\u00e1nica y dulces regionales. Como todos los a\u00f1os, el encuentro contar\u00e1 con un patio de comidas tradicionales y se podr\u00e1 disfrutar de numerosos espect\u00e1culos art\u00edsticos y culturales.<\/p>\n\n\n\n<h2 class=\"wp-block-heading\">Ventas en la Cabral<\/h2>\n\n\n\n<figure class=\"wp-block-image\"><img decoding=\"async\" src=\"https:\/\/www.diarioepoca.com\/content\/bucket\/3\/1309803w380h232c.jpg.webp\" alt=\"\"\/><\/figure>\n\n\n\n<p>Graciela Talavera (ver foto) es una vendedora en un puesto ubicado en plaza Cabral y habl\u00f3 de la venta durante esta temporada de vacaciones de invierno. &#8220;De todos los visitantes, los que m\u00e1s compran son la gente del interior y no es gente que viene a hacer tr\u00e1mites, sino que anda de paseo porque solemos preguntarles&#8221;, dijo la vendedora. &#8220;Los productos son muy variados, van desde 1.000 a 1.500 pesos, preguntan mucho por los gorros, por los llaveros. Y tambi\u00e9n tenemos ropita para ni\u00f1os&#8221;, se\u00f1al\u00f3.<\/p>\n","protected":false},"excerpt":{"rendered":"<p>El tradicional evento organizado por la asociaci\u00f3n que nuclea a los emprendedores y peque\u00f1os productores de Corrientes se realizar\u00e1 el pr\u00f3ximo s\u00e1bado 29 y domingo 30, en el parque Mitre.&hellip; <\/p>\n","protected":false},"author":3,"featured_media":75164,"comment_status":"closed","ping_status":"open","sticky":false,"template":"","format":"standard","meta":{"footnotes":""},"categories":[17],"tags":[],"class_list":["post-75163","post","type-post","status-publish","format-standard","has-post-thumbnail","hentry","category-sociales"],"_links":{"self":[{"href":"https:\/\/corrientesdetarde.com\/index.php\/wp-json\/wp\/v2\/posts\/75163","targetHints":{"allow":["GET"]}}],"collection":[{"href":"https:\/\/corrientesdetarde.com\/index.php\/wp-json\/wp\/v2\/posts"}],"about":[{"href":"https:\/\/corrientesdetarde.com\/index.php\/wp-json\/wp\/v2\/types\/post"}],"author":[{"embeddable":true,"href":"https:\/\/corrientesdetarde.com\/index.php\/wp-json\/wp\/v2\/users\/3"}],"replies":[{"embeddable":true,"href":"https:\/\/corrientesdetarde.com\/index.php\/wp-json\/wp\/v2\/comments?post=75163"}],"version-history":[{"count":1,"href":"https:\/\/corrientesdetarde.com\/index.php\/wp-json\/wp\/v2\/posts\/75163\/revisions"}],"predecessor-version":[{"id":75165,"href":"https:\/\/corrientesdetarde.com\/index.php\/wp-json\/wp\/v2\/posts\/75163\/revisions\/75165"}],"wp:featuredmedia":[{"embeddable":true,"href":"https:\/\/corrientesdetarde.com\/index.php\/wp-json\/wp\/v2\/media\/75164"}],"wp:attachment":[{"href":"https:\/\/corrientesdetarde.com\/index.php\/wp-json\/wp\/v2\/media?parent=75163"}],"wp:term":[{"taxonomy":"category","embeddable":true,"href":"https:\/\/corrientesdetarde.com\/index.php\/wp-json\/wp\/v2\/categories?post=75163"},{"taxonomy":"post_tag","embeddable":true,"href":"https:\/\/corrientesdetarde.com\/index.php\/wp-json\/wp\/v2\/tags?post=75163"}],"curies":[{"name":"wp","href":"https:\/\/api.w.org\/{rel}","templated":true}]}}