{"id":75169,"date":"2023-07-22T10:11:52","date_gmt":"2023-07-22T13:11:52","guid":{"rendered":"https:\/\/corrientesdetarde.com\/?p=75169"},"modified":"2023-07-22T10:12:03","modified_gmt":"2023-07-22T13:12:03","slug":"venados-del-ibera-tendran-dispositivos-especiales-para-su-seguimiento-y-cuidado","status":"publish","type":"post","link":"https:\/\/corrientesdetarde.com\/index.php\/medio-ambiente\/venados-del-ibera-tendran-dispositivos-especiales-para-su-seguimiento-y-cuidado\/","title":{"rendered":"Venados del Iber\u00e1 tendr\u00e1n dispositivos especiales para su seguimiento y cuidado"},"content":{"rendered":"\n<p>La fundaci\u00f3n Rewilding Argentina comunic\u00f3 la colocaci\u00f3n de radiocollares satelitales a tres venados de las pampas en el Gran Parque de los Esteros del Iber\u00e1, siendo el primer paso para seguir de cerca a los individuos que dispersan a campos vecinos, y de esta manera, protegerlos de eventuales amenazas.<\/p>\n\n\n\n<p>Desde la fundaci\u00f3n pusieron de relieve que en el 2009 se inici\u00f3 el &nbsp;proyecto para devolver al Iber\u00e1 las espectaculares manadas de venados de las pampas, un herb\u00edvoro clave para la salud de los pastizales.<\/p>\n\n\n\n<p>Desde ese entonces, la poblaci\u00f3n de venados no para de crecer, e incluso, algunos individuos salen del territorio protegido del Gran Parque Iber\u00e1 (Corrientes, Argentina).<\/p>\n\n\n\n<p>El venado de las pampas se encuentra extinto en casi toda su \u00e1rea de distribuci\u00f3n, que iba desde El Impenetrable chaque\u00f1o hasta el este de Chubut. Pero la extinci\u00f3n regional puede no ser para siempre.<\/p>\n\n\n\n<p>&#8220;Hoy nos alegra poder decir que la poblaci\u00f3n de venados de Iber\u00e1 es la mayor poblaci\u00f3n de esta especie dentro de un \u00e1rea protegida&#8221;, informaron desde Rewilding Argentina, fundaci\u00f3n que trabaja para revertir la crisis de extinci\u00f3n de especies e impulsar econom\u00edas locales restaurativas integradas a ecosistemas naturales completos y funcionales.<\/p>\n\n\n\n<p>Rewilding Argentina es una fundaci\u00f3n creada para enfrentar y revertir la extinci\u00f3n de especies y la degradaci\u00f3n ambiental resultante, recuperando la funcionalidad de los ecosistemas y fomentando el bienestar de las comunidades locales.<\/p>\n\n\n\n<p>La fundaci\u00f3n mantiene vivo el compromiso por la recuperaci\u00f3n de los ecosistemas naturales, el respeto por el valor intr\u00ednseco de todas las especies y el sue\u00f1o de establecer modelos de desarrollo para las comunidades rurales en un contexto de coexistencia con la naturaleza.<\/p>\n","protected":false},"excerpt":{"rendered":"<p>La fundaci\u00f3n Rewilding Argentina comunic\u00f3 la colocaci\u00f3n de radiocollares satelitales a tres venados de las pampas en el Gran Parque de los Esteros del Iber\u00e1, siendo el primer paso para&hellip; <\/p>\n","protected":false},"author":3,"featured_media":75170,"comment_status":"closed","ping_status":"open","sticky":false,"template":"","format":"standard","meta":{"footnotes":""},"categories":[6],"tags":[],"class_list":["post-75169","post","type-post","status-publish","format-standard","has-post-thumbnail","hentry","category-medio-ambiente"],"_links":{"self":[{"href":"https:\/\/corrientesdetarde.com\/index.php\/wp-json\/wp\/v2\/posts\/75169","targetHints":{"allow":["GET"]}}],"collection":[{"href":"https:\/\/corrientesdetarde.com\/index.php\/wp-json\/wp\/v2\/posts"}],"about":[{"href":"https:\/\/corrientesdetarde.com\/index.php\/wp-json\/wp\/v2\/types\/post"}],"author":[{"embeddable":true,"href":"https:\/\/corrientesdetarde.com\/index.php\/wp-json\/wp\/v2\/users\/3"}],"replies":[{"embeddable":true,"href":"https:\/\/corrientesdetarde.com\/index.php\/wp-json\/wp\/v2\/comments?post=75169"}],"version-history":[{"count":1,"href":"https:\/\/corrientesdetarde.com\/index.php\/wp-json\/wp\/v2\/posts\/75169\/revisions"}],"predecessor-version":[{"id":75171,"href":"https:\/\/corrientesdetarde.com\/index.php\/wp-json\/wp\/v2\/posts\/75169\/revisions\/75171"}],"wp:featuredmedia":[{"embeddable":true,"href":"https:\/\/corrientesdetarde.com\/index.php\/wp-json\/wp\/v2\/media\/75170"}],"wp:attachment":[{"href":"https:\/\/corrientesdetarde.com\/index.php\/wp-json\/wp\/v2\/media?parent=75169"}],"wp:term":[{"taxonomy":"category","embeddable":true,"href":"https:\/\/corrientesdetarde.com\/index.php\/wp-json\/wp\/v2\/categories?post=75169"},{"taxonomy":"post_tag","embeddable":true,"href":"https:\/\/corrientesdetarde.com\/index.php\/wp-json\/wp\/v2\/tags?post=75169"}],"curies":[{"name":"wp","href":"https:\/\/api.w.org\/{rel}","templated":true}]}}