{"id":75305,"date":"2023-07-23T09:12:02","date_gmt":"2023-07-23T12:12:02","guid":{"rendered":"https:\/\/corrientesdetarde.com\/?p=75305"},"modified":"2023-07-23T09:12:05","modified_gmt":"2023-07-23T12:12:05","slug":"marcela-acuna-dijo-ser-victima-de-tortura-pidio-ver-a-su-marido-y-solicito-acceso-a-un-celular","status":"publish","type":"post","link":"https:\/\/corrientesdetarde.com\/index.php\/crimen-y-justicia\/marcela-acuna-dijo-ser-victima-de-tortura-pidio-ver-a-su-marido-y-solicito-acceso-a-un-celular\/","title":{"rendered":"Marcela Acu\u00f1a dijo ser v\u00edctima de &#8220;tortura&#8221;, pidi\u00f3 ver a su marido y solicit\u00f3 acceso a un celular"},"content":{"rendered":"\n<p>&nbsp;<br>Marcela Acu\u00f1a, detenida junto a su esposo Emerenciano Sena y su hijo C\u00e9sar por el crimen de Cecilia Strzyzowski, acus\u00f3 en una nueva carta dirigida a la fiscal\u00eda a cargo de la causa, que est\u00e1 &#8220;cercenada en derechos b\u00e1sicos de personas que se hallan en situaci\u00f3n de encierro&#8221;.<br>&#8220;Me dirijo a ustedes para insistir en el pedido que realizaron tanto mi abogada, como los abogados de mi marido y mi hijo, de poder acceder a ver a mi familia considerando que hace un mes no he tenido contacto con ellos y, si bien estoy privada de mi libertad, no estoy vulnerada en mis otros derechos que al parecer parece que as\u00ed es ya que a comparaci\u00f3n de otros detenidos, sigo cercenada en derechos b\u00e1sicos de personas que se hallan en situaci\u00f3n de encierro&#8221;, escribi\u00f3 la mujer desde la Comisar\u00eda 6\u00b0 de la capital chaque\u00f1a.<br>&nbsp;<br>&nbsp;La carta con fecha de este viernes fue dirigida al fiscal Jorge C\u00e1ceres Olivera, y en ella advierte que &#8220;el derecho a ver a mi marido que se halla enfermo es un derecho humano universal, como el de ver a mi hijo, solo la dictadura militar genocida del &#8220;76 ha actuado de esa manera en momentos donde la Constituci\u00f3n fue avasallada&#8221;.<\/p>\n\n\n\n<p>Para la mujer, &#8220;hoy estamos en &#8220;democracia&#8221; pero al parecer no llega a la fiscal\u00eda 4, que act\u00faa dando \u00f3rdenes de reducirnos a &#8220;cosas&#8221;, no tratarnos como &#8220;personas&#8221; que simplemente atravesamos un proceso investigativo&#8221;, acus\u00f3.<\/p>\n\n\n\n<p>Tras insistir con que tanto ella como su esposo son &#8220;inocentes&#8221;, se\u00f1ala &#8220;el trato que recibimos no solo es inadecuado sino que no es acorde a derecho&#8221;, insistiendo con que su marido &#8220;est\u00e1 enfermo&#8221;.<\/p>\n\n\n\n<p>Acu\u00f1a se\u00f1al\u00f3 que a los &#8220;fiscales no les interesa tener inocentes que se est\u00e1n muriendo encerrados y alejados de sus afectos por un capricho&#8221;, agregando que &#8220;bajo la aparente b\u00fasqueda de la verdad, ustedes, con su accionar, desconociendo los derechos planteados, reconocen en la tortura un mecanismo reglamentado&#8221;.<\/p>\n\n\n\n<p>&#8220;Toman nuestros cuerpos para la aplicaci\u00f3n de suplicios al punto de aplicar castigos en lugar de la obtenci\u00f3n de la verdad, el sufrimiento que me genera como mujer, madre, persona, usted lo implementa como un tormento&#8221;, concluye.<\/p>\n\n\n\n<p>&nbsp;<br><strong>Reclamos de Marcela Acu\u00f1a al jefe de la Comisar\u00eda 6\u00b0 de Resistencia<\/strong><br>Simult\u00e1neamente, y seg\u00fan informan medios chaque\u00f1os, Acu\u00f1a tambi\u00e9n le escribi\u00f3 una nota al jefe de la comisar\u00eda donde est\u00e1 detenida, para formularle una serie de reclamos, que se detallan a continuaci\u00f3n:<\/p>\n\n\n\n<p>&#8220;Hablar 10 minutos con familiares, considerando que Emerenciano Sena, mi marido y mi compa\u00f1ero, ha sido internado para un estudio complejo. Quiero ver su estado de salud. En caso de ser necesario, poder acceder a verlo&#8221;.<br>&#8220;Hacer llegar la nota que adjunto al fiscal a cargo para que se pueda tener en cuenta mi solicitud de pedidos de ver a mi marido, teniendo en cuenta que dicha negaci\u00f3n la considero un hostigamiento llevado adelante a mi persona&#8221;.<br>&#8220;Que la prensa pueda acceder, hacer notas y entrevistar, as\u00ed como ustedes no deber\u00edan y lo hacen. Me asiste el derecho&#8221;.<br>&#8220;Poder acceder a tel\u00e9fonos celulares, la posibilidad de recibir visitas durante dos horas, caminar durante 20 minutos y poder leer libros&#8221;.<\/p>\n","protected":false},"excerpt":{"rendered":"<p>&nbsp;Marcela Acu\u00f1a, detenida junto a su esposo Emerenciano Sena y su hijo C\u00e9sar por el crimen de Cecilia Strzyzowski, acus\u00f3 en una nueva carta dirigida a la fiscal\u00eda a cargo&hellip; <\/p>\n","protected":false},"author":1,"featured_media":75306,"comment_status":"closed","ping_status":"open","sticky":false,"template":"","format":"standard","meta":{"footnotes":""},"categories":[5],"tags":[],"class_list":["post-75305","post","type-post","status-publish","format-standard","has-post-thumbnail","hentry","category-crimen-y-justicia"],"_links":{"self":[{"href":"https:\/\/corrientesdetarde.com\/index.php\/wp-json\/wp\/v2\/posts\/75305","targetHints":{"allow":["GET"]}}],"collection":[{"href":"https:\/\/corrientesdetarde.com\/index.php\/wp-json\/wp\/v2\/posts"}],"about":[{"href":"https:\/\/corrientesdetarde.com\/index.php\/wp-json\/wp\/v2\/types\/post"}],"author":[{"embeddable":true,"href":"https:\/\/corrientesdetarde.com\/index.php\/wp-json\/wp\/v2\/users\/1"}],"replies":[{"embeddable":true,"href":"https:\/\/corrientesdetarde.com\/index.php\/wp-json\/wp\/v2\/comments?post=75305"}],"version-history":[{"count":1,"href":"https:\/\/corrientesdetarde.com\/index.php\/wp-json\/wp\/v2\/posts\/75305\/revisions"}],"predecessor-version":[{"id":75307,"href":"https:\/\/corrientesdetarde.com\/index.php\/wp-json\/wp\/v2\/posts\/75305\/revisions\/75307"}],"wp:featuredmedia":[{"embeddable":true,"href":"https:\/\/corrientesdetarde.com\/index.php\/wp-json\/wp\/v2\/media\/75306"}],"wp:attachment":[{"href":"https:\/\/corrientesdetarde.com\/index.php\/wp-json\/wp\/v2\/media?parent=75305"}],"wp:term":[{"taxonomy":"category","embeddable":true,"href":"https:\/\/corrientesdetarde.com\/index.php\/wp-json\/wp\/v2\/categories?post=75305"},{"taxonomy":"post_tag","embeddable":true,"href":"https:\/\/corrientesdetarde.com\/index.php\/wp-json\/wp\/v2\/tags?post=75305"}],"curies":[{"name":"wp","href":"https:\/\/api.w.org\/{rel}","templated":true}]}}