{"id":75398,"date":"2023-07-24T08:30:50","date_gmt":"2023-07-24T11:30:50","guid":{"rendered":"https:\/\/corrientesdetarde.com\/?p=75398"},"modified":"2023-07-24T08:31:15","modified_gmt":"2023-07-24T11:31:15","slug":"central-goya-jinete-en-grave-estado-tras-caer-de-un-caballo-en-una-fiesta-de-doma","status":"publish","type":"post","link":"https:\/\/corrientesdetarde.com\/index.php\/sociales\/central-goya-jinete-en-grave-estado-tras-caer-de-un-caballo-en-una-fiesta-de-doma\/","title":{"rendered":"Central Goya: Jinete en grave estado tras caer de un caballo en una fiesta de doma\u00a0"},"content":{"rendered":"\n<p>El jinete herido es un joven de 21 a\u00f1os que fue identificado como Nahuel Arnaldo P\u00e1ez, domiciliado en la provincia de Santa Fe. Tras el episodio, que lleg\u00f3 a ser filmado, r\u00e1pidamente fue asistido en la guardia del Hospital Regional &#8220;Camilo Muniagurria&#8221; donde se determin\u00f3 su inmediato traslado al Hospital Escuela de la ciudad de Corrientes, dada la gravedad del cuadro que presentaba.<\/p>\n\n\n\n<p>Intervino personal policial perteneciente al PRIAR con conocimiento de la fiscal\u00eda de turno.<\/p>\n\n\n\n<p>&#8220;En un momento determinado y por causas que se tratan de establecer-; cay\u00f3 fuertemente al suelo, golpe\u00e1ndose su cadera y tiene aparentemente fractura de la columna lumbar&#8221;, informaron las autoridades.<\/p>\n","protected":false},"excerpt":{"rendered":"<p>El jinete herido es un joven de 21 a\u00f1os que fue identificado como Nahuel Arnaldo P\u00e1ez, domiciliado en la provincia de Santa Fe. Tras el episodio, que lleg\u00f3 a ser&hellip; <\/p>\n","protected":false},"author":1,"featured_media":75402,"comment_status":"closed","ping_status":"open","sticky":false,"template":"","format":"standard","meta":{"footnotes":""},"categories":[17],"tags":[],"class_list":["post-75398","post","type-post","status-publish","format-standard","has-post-thumbnail","hentry","category-sociales"],"_links":{"self":[{"href":"https:\/\/corrientesdetarde.com\/index.php\/wp-json\/wp\/v2\/posts\/75398","targetHints":{"allow":["GET"]}}],"collection":[{"href":"https:\/\/corrientesdetarde.com\/index.php\/wp-json\/wp\/v2\/posts"}],"about":[{"href":"https:\/\/corrientesdetarde.com\/index.php\/wp-json\/wp\/v2\/types\/post"}],"author":[{"embeddable":true,"href":"https:\/\/corrientesdetarde.com\/index.php\/wp-json\/wp\/v2\/users\/1"}],"replies":[{"embeddable":true,"href":"https:\/\/corrientesdetarde.com\/index.php\/wp-json\/wp\/v2\/comments?post=75398"}],"version-history":[{"count":1,"href":"https:\/\/corrientesdetarde.com\/index.php\/wp-json\/wp\/v2\/posts\/75398\/revisions"}],"predecessor-version":[{"id":75401,"href":"https:\/\/corrientesdetarde.com\/index.php\/wp-json\/wp\/v2\/posts\/75398\/revisions\/75401"}],"wp:featuredmedia":[{"embeddable":true,"href":"https:\/\/corrientesdetarde.com\/index.php\/wp-json\/wp\/v2\/media\/75402"}],"wp:attachment":[{"href":"https:\/\/corrientesdetarde.com\/index.php\/wp-json\/wp\/v2\/media?parent=75398"}],"wp:term":[{"taxonomy":"category","embeddable":true,"href":"https:\/\/corrientesdetarde.com\/index.php\/wp-json\/wp\/v2\/categories?post=75398"},{"taxonomy":"post_tag","embeddable":true,"href":"https:\/\/corrientesdetarde.com\/index.php\/wp-json\/wp\/v2\/tags?post=75398"}],"curies":[{"name":"wp","href":"https:\/\/api.w.org\/{rel}","templated":true}]}}