{"id":75410,"date":"2023-07-24T08:39:42","date_gmt":"2023-07-24T11:39:42","guid":{"rendered":"https:\/\/corrientesdetarde.com\/?p=75410"},"modified":"2023-07-24T08:39:47","modified_gmt":"2023-07-24T11:39:47","slug":"arde-la-vegetacion-y-fauna-del-estero-santa-lucia-hace-cuatro-dias","status":"publish","type":"post","link":"https:\/\/corrientesdetarde.com\/index.php\/medio-ambiente\/arde-la-vegetacion-y-fauna-del-estero-santa-lucia-hace-cuatro-dias\/","title":{"rendered":"Arde la vegetaci\u00f3n y fauna del estero Santa Luc\u00eda hace cuatro d\u00edas"},"content":{"rendered":"\n<p>A pesar de contar con temperaturas m\u00e1s templadas en la provincia, los incendios siguen afectando a sectores importantes del interior provincial. Desde el jueves, un foco \u00edgneo en Ca\u00e1 Cat\u00ed consume miles de hect\u00e1reas de vegetaci\u00f3n y obliga al desplazamiento de cientos de animales.<\/p>\n\n\n\n<p>El subdirector de Defensa Civil de Corrientes Bruno Lovinson especific\u00f3, que el foco se encuentra en el este de Ca\u00e1 Cat\u00ed y, en las \u00faltimas horas del domingo, comenz\u00f3 a perder intensidad. De todas formas se monitorear\u00e1 hoy durante todo el d\u00eda su avance, ya que por momentos las llamas tomaban rumbo hacia Loreto. &#8220;Hoy (por ayer) el viento tuvo menor velocidad, lo que colabor\u00f3 a que las llamas est\u00e9n m\u00e1s contenidas&#8221;<\/p>\n\n\n<div class=\"wp-block-image\">\n<figure class=\"alignleft\"><img decoding=\"async\" src=\"https:\/\/www.diarioepoca.com\/content\/bucket\/3\/1310103w380h263c.jpg.webp\" alt=\"\"\/><figcaption>LAS LLAMAS FUERON AVISTADAS POR PRIMERA VEZ EL JUEVES A LA NOCHE.<\/figcaption><\/figure>\n<\/div>\n\n\n<p>Lovinson asegur\u00f3 que hasta la fecha solo se perdieron campos y esteros, aunque todav\u00eda no pudo detallar el \u00e1rea total de superficie afectada. &#8220;El fuego permanece en una zona de esteros donde el agua llega a un metro de profundidad. Por este motivo, solo es monitoreado y no intervienen bomberos o brigadistas&#8221;, acot\u00f3.<\/p>\n\n\n\n<p>El Municipio de Ca\u00e1 Cat\u00ed y asociaciones civiles manifestaron su preocupaci\u00f3n por los incendios en un comunicado. &#8220;Est\u00e1 ardiendo la vegetaci\u00f3n, elemento vital para la cadena alimenticia de los animales que no alcanzan a sobrevivir, muchos de ellos declarados como parte del patrimonio natural de la provincia. Cientos de miles de polinizadores pierden su ecosistema completo y con \u00e9l la vida&#8221;, destacan en la misiva que lleva la firma de Polo Cultural Km0 y la fundaci\u00f3n Idear.<\/p>\n\n\n\n<p>&#8220;Es necesario profundizar las acciones conjuntas entre el estado y la sociedad civil para evitar que estos incendios sigan arrasando con nuestra biodiversidad . En este sentido, proponemos trabajar en una mesa de gesti\u00f3n para la prevenci\u00f3n y mitigaci\u00f3n de esta situaci\u00f3n. Convocada por asociaciones y fundaciones y la Municipalidad de Ca\u00e1 Cat\u00ed. Urge reunirse a la brevedad, y convocar para tal fin a la fiscal\u00eda rural y ambiental de la provincia&#8221;, agregaron. As\u00ed pretenden instar a la acci\u00f3n no solo al Gobierno provincial, sino tambi\u00e9n al INTA, a la Direcci\u00f3n de Parques Nacionales y el Poder Judicial de la Naci\u00f3n.<\/p>\n\n\n\n<h2 class=\"wp-block-heading\">Otro foco de menor magnitud<\/h2>\n\n\n\n<p>Seg\u00fan el reporte diario del Ministerio de Ambiente y Desarrollo Sostenible de la Naci\u00f3n, Corrientes fue una de las dos \u00fanicas jurisdicciones del pa\u00eds con focos activos, junto con uno registrado en Tucum\u00e1n. Al respecto, Lovinson aclar\u00f3 que se trata de llamas situadas en Concepci\u00f3n, zona del arroyo Batel. &#8220;Este cuenta con las mismas caracter\u00edsticas, est\u00e1 ubicado en una zona cubierta por agua a la que no se puede acceder con veh\u00edculos terrestres&#8221;, aclar\u00f3.<\/p>\n","protected":false},"excerpt":{"rendered":"<p>A pesar de contar con temperaturas m\u00e1s templadas en la provincia, los incendios siguen afectando a sectores importantes del interior provincial. Desde el jueves, un foco \u00edgneo en Ca\u00e1 Cat\u00ed&hellip; <\/p>\n","protected":false},"author":1,"featured_media":75411,"comment_status":"closed","ping_status":"open","sticky":false,"template":"","format":"standard","meta":{"footnotes":""},"categories":[6],"tags":[],"class_list":["post-75410","post","type-post","status-publish","format-standard","has-post-thumbnail","hentry","category-medio-ambiente"],"_links":{"self":[{"href":"https:\/\/corrientesdetarde.com\/index.php\/wp-json\/wp\/v2\/posts\/75410","targetHints":{"allow":["GET"]}}],"collection":[{"href":"https:\/\/corrientesdetarde.com\/index.php\/wp-json\/wp\/v2\/posts"}],"about":[{"href":"https:\/\/corrientesdetarde.com\/index.php\/wp-json\/wp\/v2\/types\/post"}],"author":[{"embeddable":true,"href":"https:\/\/corrientesdetarde.com\/index.php\/wp-json\/wp\/v2\/users\/1"}],"replies":[{"embeddable":true,"href":"https:\/\/corrientesdetarde.com\/index.php\/wp-json\/wp\/v2\/comments?post=75410"}],"version-history":[{"count":1,"href":"https:\/\/corrientesdetarde.com\/index.php\/wp-json\/wp\/v2\/posts\/75410\/revisions"}],"predecessor-version":[{"id":75412,"href":"https:\/\/corrientesdetarde.com\/index.php\/wp-json\/wp\/v2\/posts\/75410\/revisions\/75412"}],"wp:featuredmedia":[{"embeddable":true,"href":"https:\/\/corrientesdetarde.com\/index.php\/wp-json\/wp\/v2\/media\/75411"}],"wp:attachment":[{"href":"https:\/\/corrientesdetarde.com\/index.php\/wp-json\/wp\/v2\/media?parent=75410"}],"wp:term":[{"taxonomy":"category","embeddable":true,"href":"https:\/\/corrientesdetarde.com\/index.php\/wp-json\/wp\/v2\/categories?post=75410"},{"taxonomy":"post_tag","embeddable":true,"href":"https:\/\/corrientesdetarde.com\/index.php\/wp-json\/wp\/v2\/tags?post=75410"}],"curies":[{"name":"wp","href":"https:\/\/api.w.org\/{rel}","templated":true}]}}