{"id":75682,"date":"2023-07-24T23:57:29","date_gmt":"2023-07-25T02:57:29","guid":{"rendered":"https:\/\/corrientesdetarde.com\/?p=75682"},"modified":"2023-07-24T23:57:32","modified_gmt":"2023-07-25T02:57:32","slug":"boca-le-gano-a-newells-y-quiere-meterse-en-la-copa-libertadores","status":"publish","type":"post","link":"https:\/\/corrientesdetarde.com\/index.php\/deportes\/boca-le-gano-a-newells-y-quiere-meterse-en-la-copa-libertadores\/","title":{"rendered":"Boca le gan\u00f3 a Newell&#8217;s y quiere meterse en la Copa Libertadores"},"content":{"rendered":"\n<p>Fue por 2 a 1 con un muy buen primer tiempo y est\u00e1 cerca de los cuatro primeros puestos del torneo.<\/p>\n\n\n\n<p><strong>Boca venci\u00f3 2 a 1 a Newell&#8217;s<\/strong>&nbsp;como local en el estadio Alberto J. Armando en el marco de la vig\u00e9simo sexta fecha del torneo de la Liga Profesional y estir\u00f3 su racha positiva con el objetivo de meterse en la pr\u00f3xima Copa Libertadores.<\/p>\n\n\n\n<p><strong>Con los tantos de Lucas Hoyos en contra y Cristian Medina<\/strong>, Boca alcanz\u00f3 los cinco partidos consecutivos sin perder y se puso a cuatro puntos de la zona que otorga un cupo a la pr\u00f3xima Copa Libertadores, por otra parte, Newell&#8217;s se aleja del objetivo de ingresar a las copas internacionales<\/p>\n\n\n\n<p>El equipo local apret\u00f3 m\u00e1s en el inicio del partido y por el sector de la izquierda consigui\u00f3 el espacio para ponerse en ventaja en el marcador: Valent\u00edn Barco lleg\u00f3 al \u00e1rea y defini\u00f3, pero le qued\u00f3 casi como un centro y Hoyos lo meti\u00f3 en su propio arco sin poder controlar la pelota.<\/p>\n\n\n\n<p>Ni bien comenz\u00f3 el segundo tiempo, Boca sali\u00f3 r\u00e1pido desde el fondo y tras una serie de pases que no pudo capturar Newell&#8217;s debido a la sorpresa,&nbsp;<strong>Medina conect\u00f3 el centro de Barco para el 2 a 0<\/strong>.<\/p>\n\n\n\n<p>Ya en tiempo de descuento, Frank Fabra no pudo salir jugando c\u00f3modo y dej\u00f3 la pelota suelta que perdieron en el medio. Newell&#8217;s sali\u00f3 con la r\u00e9plica y Recalde, de media vuelta, cruz\u00f3 un derechazo para el 2 a 1.<\/p>\n\n\n\n<h2 class=\"wp-block-heading\">Esta es la s\u00edntesis de Boca vs. Newell&#8217;s por la vig\u00e9simo sexta fecha del torneo de la Liga Profesional:<\/h2>\n\n\n\n<p><strong>Liga Profesional.<\/strong><br><strong>Fecha 26.<\/strong><br><strong>Boca 2-1 Newell&#8217;s.<\/strong><br><strong>Estadio:<\/strong>&nbsp;Alberto J. Armando.<br><strong>\u00c1rbitro:<\/strong>&nbsp;Fernando Echenique.<br><strong>VAR:<\/strong>&nbsp;Ariel Penel.<\/p>\n\n\n\n<p><strong>Boca:<\/strong>&nbsp;Javier Garc\u00eda; Jorge Figal, Bruno Valdez, Nicol\u00e1s Valentini; Marcelo Weigandt, Ezequiel Fern\u00e1ndez, Cristian Medina, Frank Fabra; Guillermo Fern\u00e1ndez, Valent\u00edn Barco; Miguel Merentiel. DT: Jorge Almir\u00f3n.<\/p>\n\n\n\n<p><strong>Newell&#8217;s:<\/strong>&nbsp;Lucas Hoyos; Jherson Mosquera, Gustavo Vel\u00e1zquez, Guillermo Ort\u00edz, \u00c1ngelo Martino; Cristian Ferreira, Juan Sforza, Marcos Portillo; Jerem\u00edas P\u00e9rez Tica, Jorge Recalde, Brian Aguirre. DT: Gabriel Heinze.<\/p>\n\n\n\n<p><strong>Goles en el primer tiempo:<\/strong>&nbsp;21m Lucas Hoyos -en contra- (B).<\/p>\n\n\n\n<p><strong>Goles en el segundo tiempo:<\/strong>&nbsp;1m Cristian Medina (B); 47m Jorge Recalde (N).<\/p>\n\n\n\n<p><strong>Cambios en el segundo tiempo:<\/strong>&nbsp;8m Iv\u00e1n G\u00f3mez por Portillo (N); Ramiro Sordo por P\u00e9rez Tica (N); 21m Exequiel Zeballos por Barco (B); 22m Dar\u00edo Benedetto por Merentiel (B); 28m Armando M\u00e9ndez por Mosquera (N); 32m Facundo Roncaglia por Valentini (B); 43m Norberto Briasco por Medina (B); Esteban Rol\u00f3n por G. Fern\u00e1ndez (B).<\/p>\n","protected":false},"excerpt":{"rendered":"<p>Fue por 2 a 1 con un muy buen primer tiempo y est\u00e1 cerca de los cuatro primeros puestos del torneo. Boca venci\u00f3 2 a 1 a Newell&#8217;s&nbsp;como local en&hellip; <\/p>\n","protected":false},"author":4,"featured_media":75683,"comment_status":"closed","ping_status":"open","sticky":false,"template":"","format":"standard","meta":{"footnotes":""},"categories":[4],"tags":[],"class_list":["post-75682","post","type-post","status-publish","format-standard","has-post-thumbnail","hentry","category-deportes"],"_links":{"self":[{"href":"https:\/\/corrientesdetarde.com\/index.php\/wp-json\/wp\/v2\/posts\/75682","targetHints":{"allow":["GET"]}}],"collection":[{"href":"https:\/\/corrientesdetarde.com\/index.php\/wp-json\/wp\/v2\/posts"}],"about":[{"href":"https:\/\/corrientesdetarde.com\/index.php\/wp-json\/wp\/v2\/types\/post"}],"author":[{"embeddable":true,"href":"https:\/\/corrientesdetarde.com\/index.php\/wp-json\/wp\/v2\/users\/4"}],"replies":[{"embeddable":true,"href":"https:\/\/corrientesdetarde.com\/index.php\/wp-json\/wp\/v2\/comments?post=75682"}],"version-history":[{"count":1,"href":"https:\/\/corrientesdetarde.com\/index.php\/wp-json\/wp\/v2\/posts\/75682\/revisions"}],"predecessor-version":[{"id":75684,"href":"https:\/\/corrientesdetarde.com\/index.php\/wp-json\/wp\/v2\/posts\/75682\/revisions\/75684"}],"wp:featuredmedia":[{"embeddable":true,"href":"https:\/\/corrientesdetarde.com\/index.php\/wp-json\/wp\/v2\/media\/75683"}],"wp:attachment":[{"href":"https:\/\/corrientesdetarde.com\/index.php\/wp-json\/wp\/v2\/media?parent=75682"}],"wp:term":[{"taxonomy":"category","embeddable":true,"href":"https:\/\/corrientesdetarde.com\/index.php\/wp-json\/wp\/v2\/categories?post=75682"},{"taxonomy":"post_tag","embeddable":true,"href":"https:\/\/corrientesdetarde.com\/index.php\/wp-json\/wp\/v2\/tags?post=75682"}],"curies":[{"name":"wp","href":"https:\/\/api.w.org\/{rel}","templated":true}]}}