{"id":75687,"date":"2023-07-25T07:24:32","date_gmt":"2023-07-25T10:24:32","guid":{"rendered":"https:\/\/corrientesdetarde.com\/?p=75687"},"modified":"2023-07-25T07:24:44","modified_gmt":"2023-07-25T10:24:44","slug":"la-cgt-se-subio-a-la-campana","status":"publish","type":"post","link":"https:\/\/corrientesdetarde.com\/index.php\/nacionales\/la-cgt-se-subio-a-la-campana\/","title":{"rendered":"LA CGT SE SUBIO A LA CAMPA\u00d1A"},"content":{"rendered":"\n<p>(Pablo Roma, Gremiales) &#8211; Respondiendo a la convocatoria del candidato oficialista Sergio Massa la semana pasada en la sede de Azopardo, el cotitular de la central obrera H\u00e9ctor Daer sali\u00f3 con los tapones de punta a marcar territorio e instalar como objetivo de oposici\u00f3n a Patricia Bullrich.<\/p>\n\n\n\n<p>Con la data que los encuestadores tienen en estudio, por la cual, en un hipot\u00e9tico ballotage ser\u00eda m\u00e1s favorable al actual Ministro de Econom\u00eda que la oponente sea la ex ministra de seguridad en lugar de Horacio Rodr\u00edguez Larreta, la CGT a trav\u00e9s de uno de sus l\u00edderes, se expres\u00f3 en repudio a las propuestas de flexibilizaci\u00f3n laboral de la precandidata de Juntos por el Cambio.<\/p>\n\n\n\n<p>por querer \u201cquitar los convenios colectivos de trabajo\u201d y destac\u00f3 que durante el gobierno de Alberto Fern\u00e1ndez \u201cno hubo un proyecto para reducir los derechos laborales\u201d.<\/p>\n\n\n\n<p>En una entrevista televisiva para TN, Daer apunt\u00f3 contra la oposici\u00f3n, haciendo especial hincapi\u00e9 en los precandidatos presidenciales Patricia Bullrich de Juntos por el Cambio y Javier Milei de La Libertad Avanza, a quienes acus\u00f3 de \u201chablar y no proponer nada\u201d.<\/p>\n\n\n\n<p>Daer critic\u00f3 la posici\u00f3n de Bullrich sobre los derechos laborales y denunci\u00f3 que quiere \u201cquitar los convenios colectivos de trabajo\u201d.<\/p>\n\n\n\n<p>\u201cSi lo que pretende es el empobrecimiento absoluto, lo discutiremos con los mecanismos constitucionales como las protestas y las medidas de fuerzas\u201d, afirm\u00f3 el sindicalista.<\/p>\n\n\n\n<p>Advirti\u00f3 que JxC y los libertarios impulsan una \u201ccampa\u00f1a del miedo\u201d y solicit\u00f3 al equipo econ\u00f3mico que trabaja con Bullrich a \u201cdejar de jugar al p\u00f3ker con los dirigentes del Fondo Monetario Internacional (FMI)\u201d.<\/p>\n\n\n\n<p>\u201cLa oposici\u00f3n pone miedo cuando dicen que quieren dinamitar todo. Creer que es \u201ctodo o nada\u201d es un error\u201d, expres\u00f3.<\/p>\n\n\n\n<p>El titular Federaci\u00f3n de Asociaciones de Trabajadores de la Sanidad de Argentina (FATSA) contrast\u00f3 los proyectos opositores con el gobierno actual y afirm\u00f3 que durante la gesti\u00f3n del presidente Alberto Fern\u00e1ndez \u201cno hubo un proyecto para reducir los derechos laborales\u201d.<\/p>\n\n\n\n<p>Sobre los niveles de informalidad laboral consider\u00f3 que es \u201cuna problem\u00e1tica que afecta a todo el mundo\u201d y resalt\u00f3 que en los \u00faltimos a\u00f1os \u201cse ampli\u00f3 la brecha entre los que m\u00e1s ganan\u201d.<\/p>\n\n\n\n<p>Sobre este aspecto, rechaz\u00f3 la idea de la reforma laboral y remarc\u00f3 que es necesario discutir cuestiones relacionadas con la reducci\u00f3n de la jornada de trabajo.<\/p>\n","protected":false},"excerpt":{"rendered":"<p>(Pablo Roma, Gremiales) &#8211; Respondiendo a la convocatoria del candidato oficialista Sergio Massa la semana pasada en la sede de Azopardo, el cotitular de la central obrera H\u00e9ctor Daer sali\u00f3&hellip; <\/p>\n","protected":false},"author":11,"featured_media":75688,"comment_status":"closed","ping_status":"open","sticky":false,"template":"","format":"standard","meta":{"footnotes":""},"categories":[10],"tags":[83,325],"class_list":["post-75687","post","type-post","status-publish","format-standard","has-post-thumbnail","hentry","category-nacionales","tag-bullrich","tag-daer"],"_links":{"self":[{"href":"https:\/\/corrientesdetarde.com\/index.php\/wp-json\/wp\/v2\/posts\/75687","targetHints":{"allow":["GET"]}}],"collection":[{"href":"https:\/\/corrientesdetarde.com\/index.php\/wp-json\/wp\/v2\/posts"}],"about":[{"href":"https:\/\/corrientesdetarde.com\/index.php\/wp-json\/wp\/v2\/types\/post"}],"author":[{"embeddable":true,"href":"https:\/\/corrientesdetarde.com\/index.php\/wp-json\/wp\/v2\/users\/11"}],"replies":[{"embeddable":true,"href":"https:\/\/corrientesdetarde.com\/index.php\/wp-json\/wp\/v2\/comments?post=75687"}],"version-history":[{"count":1,"href":"https:\/\/corrientesdetarde.com\/index.php\/wp-json\/wp\/v2\/posts\/75687\/revisions"}],"predecessor-version":[{"id":75689,"href":"https:\/\/corrientesdetarde.com\/index.php\/wp-json\/wp\/v2\/posts\/75687\/revisions\/75689"}],"wp:featuredmedia":[{"embeddable":true,"href":"https:\/\/corrientesdetarde.com\/index.php\/wp-json\/wp\/v2\/media\/75688"}],"wp:attachment":[{"href":"https:\/\/corrientesdetarde.com\/index.php\/wp-json\/wp\/v2\/media?parent=75687"}],"wp:term":[{"taxonomy":"category","embeddable":true,"href":"https:\/\/corrientesdetarde.com\/index.php\/wp-json\/wp\/v2\/categories?post=75687"},{"taxonomy":"post_tag","embeddable":true,"href":"https:\/\/corrientesdetarde.com\/index.php\/wp-json\/wp\/v2\/tags?post=75687"}],"curies":[{"name":"wp","href":"https:\/\/api.w.org\/{rel}","templated":true}]}}