{"id":75711,"date":"2023-07-25T08:44:10","date_gmt":"2023-07-25T11:44:10","guid":{"rendered":"https:\/\/corrientesdetarde.com\/?p=75711"},"modified":"2023-07-25T08:44:48","modified_gmt":"2023-07-25T11:44:48","slug":"ganadores-del-concurso-soy-protagonista-recibiran-sus-premios","status":"publish","type":"post","link":"https:\/\/corrientesdetarde.com\/index.php\/sociales\/ganadores-del-concurso-soy-protagonista-recibiran-sus-premios\/","title":{"rendered":"Ganadores del Concurso \u201cSoy Protagonista\u201d recibir\u00e1n sus premios"},"content":{"rendered":"\n<p><strong>La C\u00e1mara de Diputados de Corrientes recibir\u00e1 en sesi\u00f3n, a los alumnos secundarios que participaron del concurso consistente en la presentaci\u00f3n de un proyecto de ley. Los que no resultaron premiados, tendr\u00e1n certificados. Adem\u00e1s, todas las iniciativas, pasan a comisiones, para ser analizadas.<\/strong><\/p>\n\n\n\n<p>\u201cTodos los proyectos pasar\u00e1n a las comisiones para su an\u00e1lisis, porque son interesantes y traducen el pensar de nuestros j\u00f3venes\u201d, anunci\u00f3 el presidente de la c\u00e1mara de Diputados Pedro Cassani, quien confirm\u00f3 que el mi\u00e9rcoles 2 de agosto, en el transcurso de la sesi\u00f3n semanal, los alumnos ganadores y participantes del Concurso \u201cSoy Protagonista, del hoy y del ma\u00f1ana\u201d, recibir\u00e1n sus premios y certificados, respectivamente.<\/p>\n\n\n\n<p>Cabe recordar que d\u00eda antes, los coordinadores del mismo, la secretaria Evelyn Karsten y el prosecretario Carlos Cipolini anunciaron por redes sociales institucionales -antes del receso invernal- a los ganadores, quienes resultaron ser los estudiantes de la Escuela T\u00e9cnica &#8220;Nuestra Se\u00f1ora de Itat\u00ed&#8221;, de la localidad de San Luis del Palmar, con el anteproyecto de ley para \u201cestablecer una instancia de capacitaci\u00f3n a los j\u00f3venes correntinos que cursan sus estudios secundarios sobre el sistema democr\u00e1tico, instancias electorales, experiencias de sufragio y otros aspectos fundamentales a la hora de emitir el primer voto\u201d.<\/p>\n\n\n\n<p>El mismo fue presentado por los alumnos Ana Ortiz, Luz Sol\u00eds, Francisca Molinas, Gabriela Azcona, Alfonso Blanco, Florencia Luna, Ludmila Valenzuela, El\u00edas Espinoza, Javier Rodr\u00edguez, Cristian Guti\u00e9rrez y Sebasti\u00e1n Ram\u00edrez, siendo asesorados por el docente Diego Vallejos. La rectora del establecimiento escolar es Rosa Sol\u00eds.<\/p>\n\n\n\n<p>Los alumnos citados recibir\u00e1n: un dispositivo m\u00f3vil cada uno de ellos; el curso las remeras de promoci\u00f3n con el respectivo dise\u00f1o y la escuela Banderas de Ceremonias (de Corrientes y de Argentina), Constituci\u00f3n de la Provincia de Corrientes y Constituci\u00f3n Nacional; material did\u00e1ctico para los alumnos sobre el Poder Legislativo.<\/p>\n\n\n<div class=\"wp-block-image\">\n<figure class=\"alignleft size-full is-resized\"><img loading=\"lazy\" decoding=\"async\" src=\"https:\/\/corrientesdetarde.com\/wp-content\/uploads\/2023\/07\/image-584.png\" alt=\"\" class=\"wp-image-75725\" width=\"451\" height=\"450\" srcset=\"https:\/\/corrientesdetarde.com\/wp-content\/uploads\/2023\/07\/image-584.png 793w, https:\/\/corrientesdetarde.com\/wp-content\/uploads\/2023\/07\/image-584-300x300.png 300w, https:\/\/corrientesdetarde.com\/wp-content\/uploads\/2023\/07\/image-584-150x150.png 150w, https:\/\/corrientesdetarde.com\/wp-content\/uploads\/2023\/07\/image-584-768x767.png 768w\" sizes=\"auto, (max-width: 451px) 100vw, 451px\" \/><\/figure>\n<\/div>\n\n\n<p>Desde la presidencia de la c\u00e1mara de Diputados, se inform\u00f3 que el texto ganador \u2013al igual que los otros-, pasar\u00e1n a las comisiones, donde los alumnos podr\u00e1n detallar su idea y consensuar las modificaciones que por t\u00e9cnica parlamentaria, surjan; si as\u00ed lo desearan. Tambi\u00e9n se prev\u00e9 su participaci\u00f3n activa al momento del tratamiento en las sesiones respectivas.<\/p>\n\n\n\n<p>El comit\u00e9 evaluador integrado por Jorge Picchio y Florencia Silvestroni, ambos del \u00e1rea Despacho, explicaron que \u201ctodos los trabajos presentados estuvieron bien redactados, y varios de ellos, son totalmente viables, acomod\u00e1ndolos a los par\u00e1metros t\u00e9cnicos legislativos\u201d, dijeron para felicitar a todos por igual.<\/p>\n\n\n\n<p>\u201cSe evalu\u00f3 los antecedentes del tema, la trascendencia, la redacci\u00f3n en s\u00ed y la investigaci\u00f3n realizada\u201d, se\u00f1al\u00f3 Picchio al brindar detalles de lo que se tuvo en cuenta para elegir de todos los anteproyectos a uno.<\/p>\n\n\n\n<p><strong>Participantes<\/strong><\/p>\n\n\n\n<p>Entre muchos otros, participaron alumnos de Colegio Superior Santa Rita. Dos grupos diferentes presentaron los temas: \u201cUni\u00f3n correntina ecol\u00f3gica de protecci\u00f3n ambiental\u201d y \u201cPrograma de capacitaci\u00f3n de primeros auxilios y reanimaci\u00f3n cardiopulmonar\u201d.<\/p>\n\n\n<div class=\"wp-block-image\">\n<figure class=\"alignright size-full is-resized\"><img loading=\"lazy\" decoding=\"async\" src=\"https:\/\/corrientesdetarde.com\/wp-content\/uploads\/2023\/07\/image-585.png\" alt=\"\" class=\"wp-image-75726\" width=\"491\" height=\"487\" srcset=\"https:\/\/corrientesdetarde.com\/wp-content\/uploads\/2023\/07\/image-585.png 793w, https:\/\/corrientesdetarde.com\/wp-content\/uploads\/2023\/07\/image-585-300x298.png 300w, https:\/\/corrientesdetarde.com\/wp-content\/uploads\/2023\/07\/image-585-150x150.png 150w, https:\/\/corrientesdetarde.com\/wp-content\/uploads\/2023\/07\/image-585-768x762.png 768w\" sizes=\"auto, (max-width: 491px) 100vw, 491px\" \/><\/figure>\n<\/div>\n\n\n<p>Tambi\u00e9n lo hicieron los j\u00f3venes que pertenecen al Colegio Ferr\u00e9 con la \u201cCreaci\u00f3n del Programa Mi trabajo-Nuestras Pymes\u201d; del Colegio San Mart\u00edn con la \u201cPromoci\u00f3n del uso de tecnolog\u00edas de reciclaje de pl\u00e1sticos en la Provincia\u201d; del Instituto Privado Cat\u00f3lico San Benito con su objetivo de Declarar Ciudadano Ilustre \u2013Post Mortem- al Pbro. Adolfo Smiguel, precursor de la educaci\u00f3n y el trabajo en la provincia; del Colegio Manuel Belgrano, con un anteproyecto para la \u201cinserci\u00f3n laboral juvenil temprana y la eliminaci\u00f3n de la experiencia laboral como barrera\u201d.<\/p>\n\n\n\n<p>Tambi\u00e9n se presentaron desde el Colegio Yapey\u00fa, los alumnos del 5\u00ba2\u00ba con la idea de Bebederos P\u00fablicos; desde Mariano I Loza, del Colegio Castell\u00e1n con el texto referido a la educaci\u00f3n ambiental y clim\u00e1tica en la educaci\u00f3n p\u00fablica; y varios sobre la necesidad de establecer la&nbsp;&nbsp;obligatoriedad de las maniobras de RCP al ciudadano; entre otros.<\/p>\n\n\n\n<p>Todos ellos recibir\u00e1n un certificado que acredita la participaci\u00f3n y el benepl\u00e1cito de la c\u00e1mara de Diputados por su inter\u00e9s. Adem\u00e1s, todos ser\u00e1n girados a las comisiones para ser vistos y analizados.&nbsp;<\/p>\n","protected":false},"excerpt":{"rendered":"<p>La C\u00e1mara de Diputados de Corrientes recibir\u00e1 en sesi\u00f3n, a los alumnos secundarios que participaron del concurso consistente en la presentaci\u00f3n de un proyecto de ley. Los que no resultaron&hellip; <\/p>\n","protected":false},"author":1,"featured_media":75724,"comment_status":"closed","ping_status":"open","sticky":false,"template":"","format":"standard","meta":{"footnotes":""},"categories":[32,22,17],"tags":[],"class_list":["post-75711","post","type-post","status-publish","format-standard","has-post-thumbnail","hentry","category-educacion","category-eventos","category-sociales"],"_links":{"self":[{"href":"https:\/\/corrientesdetarde.com\/index.php\/wp-json\/wp\/v2\/posts\/75711","targetHints":{"allow":["GET"]}}],"collection":[{"href":"https:\/\/corrientesdetarde.com\/index.php\/wp-json\/wp\/v2\/posts"}],"about":[{"href":"https:\/\/corrientesdetarde.com\/index.php\/wp-json\/wp\/v2\/types\/post"}],"author":[{"embeddable":true,"href":"https:\/\/corrientesdetarde.com\/index.php\/wp-json\/wp\/v2\/users\/1"}],"replies":[{"embeddable":true,"href":"https:\/\/corrientesdetarde.com\/index.php\/wp-json\/wp\/v2\/comments?post=75711"}],"version-history":[{"count":2,"href":"https:\/\/corrientesdetarde.com\/index.php\/wp-json\/wp\/v2\/posts\/75711\/revisions"}],"predecessor-version":[{"id":75728,"href":"https:\/\/corrientesdetarde.com\/index.php\/wp-json\/wp\/v2\/posts\/75711\/revisions\/75728"}],"wp:featuredmedia":[{"embeddable":true,"href":"https:\/\/corrientesdetarde.com\/index.php\/wp-json\/wp\/v2\/media\/75724"}],"wp:attachment":[{"href":"https:\/\/corrientesdetarde.com\/index.php\/wp-json\/wp\/v2\/media?parent=75711"}],"wp:term":[{"taxonomy":"category","embeddable":true,"href":"https:\/\/corrientesdetarde.com\/index.php\/wp-json\/wp\/v2\/categories?post=75711"},{"taxonomy":"post_tag","embeddable":true,"href":"https:\/\/corrientesdetarde.com\/index.php\/wp-json\/wp\/v2\/tags?post=75711"}],"curies":[{"name":"wp","href":"https:\/\/api.w.org\/{rel}","templated":true}]}}