{"id":75721,"date":"2023-07-25T08:50:08","date_gmt":"2023-07-25T11:50:08","guid":{"rendered":"https:\/\/corrientesdetarde.com\/?p=75721"},"modified":"2023-07-25T08:50:19","modified_gmt":"2023-07-25T11:50:19","slug":"ximena-capristo-visito-a-silvina-luna-que-dijo-sobre-su-recuperacion","status":"publish","type":"post","link":"https:\/\/corrientesdetarde.com\/index.php\/espectaculos\/ximena-capristo-visito-a-silvina-luna-que-dijo-sobre-su-recuperacion\/","title":{"rendered":"Ximena Capristo visit\u00f3 a Silvina Luna: qu\u00e9 dijo sobre su recuperaci\u00f3n"},"content":{"rendered":"\n<p>Silvina Luna sali\u00f3 de terapia intensiva hace una semana, pero contin\u00faa internada en el Hospital Italiano. Este fin de semana, la modelo rosarina recibi\u00f3 la visita de Ximena Capristo, su amiga y ex compa\u00f1era dentro de la casa de Gran Hermano, que se mostr\u00f3 conmovida por su recuperaci\u00f3n.<\/p>\n\n\n\n<p>En di\u00e1logo con el m\u00f3vil de Intrusos, en la pantalla de Am\u00e9rica TV, Ximena Capristo dio algunos detalles sobre la salud de Silvina Luna. &#8220;La pasamos muy mal, pero peor la pas\u00f3 ella. Muy tristes. Ten\u00edamos la esperanza de que las cosas salieran bien y surgi\u00f3 este milagro de recuperaci\u00f3n. Digo milagro porque ella estuvo muy grave&#8221;, asegur\u00f3.<\/p>\n\n\n\n<p>Adem\u00e1s sostuvo que en este tiempo prefiri\u00f3 no hacer declaraciones sobre este tema tan delicado y tan cercano a su familia.<\/p>\n\n\n\n<figure class=\"wp-block-image\"><img decoding=\"async\" src=\"https:\/\/www.diarioepoca.com\/content\/bucket\/8\/1310338w762h429c.webp.webp\" alt=\"\"\/><\/figure>\n\n\n\n<p>&#8220;Me llamaron de muchos lados, pero yo no soy nadie para dar un parte m\u00e9dico. S\u00ed se encargan el Hospital Italiano, el hermano que est\u00e1 todo el tiempo a su lado y tambi\u00e9n un grupo muy \u00edntimo de amigas, con quienes estamos todo el tiempo en contacto&#8221;, sostuvo Capristo.<\/p>\n\n\n\n<p>Respecto al encuentro con la modelo rosarina, expres\u00f3: &#8220;<strong>Estuve con Silvina. La abrac\u00e9 mucho, la bes\u00e9.<\/strong>&nbsp;Yo quiero que me vea fuerte, que no me vea angustiada, ni mal. Somos nosotros los que le tenemos que dar fuerza.&nbsp;<strong>Ella es la que va a salir adelante de a poquito, pasito a pasito.<\/strong>&nbsp;Tenemos la fe de que va a salir adelante y va a estar bien. Es el tiempo. Ella estuvo muy grave&#8221;.<\/p>\n\n\n\n<p><strong>&#8220;Me da mucha bronca porque es una mina buena, de fierro, una luchadora&#8221;<\/strong>, dijo. Y concluy\u00f3: &#8220;(A Lotocki) lo quiero matar\u2026 Me parece que tiene que estar preso y confi\u00f3 en la Justicia de que eso suceda en alg\u00fan momento&#8221;.<\/p>\n\n\n\n<p>Los problema de salud de Silvina Luna se hicieron p\u00fablicos en los \u00faltimos tiempos, al revelar que se iniciaron tras haberse sometido a una cirug\u00eda realizada por An\u00edbal Lotocki.<\/p>\n\n\n\n<p>El especialista fue condenado en febrero de 2022 a cuatro a\u00f1os de prisi\u00f3n y cinco de inhabilitaci\u00f3n para ejercer la medicina por las &#8220;lesiones graves&#8221; que les provoc\u00f3 a cuatro de sus pacientes -la propia Silvina Luna, Gabriela Trenchi, Stefan\u00eda Xipolitakis y Pamela Sosa- por decisi\u00f3n del Tribunal Oral y Correccional 28 de la Ciudad de Buenos Aires.<\/p>\n\n\n\n<p>Lotocki caus\u00f3 lesiones en Trenchi, Luna, Xipolitakis y Sosa con el uso de un relleno que conten\u00eda microesferas de polimetil metacrilato (PMMA), en lugares del cuerpo en los que est\u00e1 prohibido su uso y en cantidades superiores a las sugeridas por la comunidad cient\u00edfica.<\/p>\n\n\n\n<p>Adem\u00e1s, el cirujano fue procesado a principios de este mes por &#8220;homicidio simple con dolo eventual&#8221; por la muerte de Rodolfo Cristian Z\u00e1rate, tras la resoluci\u00f3n del juez Luis Schelegl.<\/p>\n\n\n\n<p>&#8220;El fallecimiento de Z\u00e1rate fue probablemente causado por la pluralidad de las graves acciones que Lotocki cometi\u00f3 antes, durante y despu\u00e9s de la intervenci\u00f3n quir\u00fargica del paciente que ten\u00eda bajo su responsabilidad&#8221;, dijo el fiscal Pablo Recchini al pedir ampliar la declaraci\u00f3n indagatoria al m\u00e9dico en abril de este a\u00f1o.<\/p>\n\n\n\n<p>A su vez, la abogada de Lotocki, Ileana Lombardo, dijo que en la causa que tramitaron contra su cliente &#8220;se determin\u00f3 que no hay nexo causal entre la enfermedad y la pr\u00e1ctica m\u00e9dica. Lo dice el juez en la sentencia y los m\u00e9dicos del cuerpo m\u00e9dico forense&#8221;.<\/p>\n\n\n\n<p>Agreg\u00f3 que, con toda la discusi\u00f3n y debate acerca del producto utilizado por el cirujano pl\u00e1stico, \u00e9ste &#8220;no utiliza m\u00e1s el metacrilato&#8221;.<\/p>\n","protected":false},"excerpt":{"rendered":"<p>Silvina Luna sali\u00f3 de terapia intensiva hace una semana, pero contin\u00faa internada en el Hospital Italiano. Este fin de semana, la modelo rosarina recibi\u00f3 la visita de Ximena Capristo, su&hellip; <\/p>\n","protected":false},"author":1,"featured_media":75733,"comment_status":"closed","ping_status":"open","sticky":false,"template":"","format":"standard","meta":{"footnotes":""},"categories":[19],"tags":[],"class_list":["post-75721","post","type-post","status-publish","format-standard","has-post-thumbnail","hentry","category-espectaculos"],"_links":{"self":[{"href":"https:\/\/corrientesdetarde.com\/index.php\/wp-json\/wp\/v2\/posts\/75721","targetHints":{"allow":["GET"]}}],"collection":[{"href":"https:\/\/corrientesdetarde.com\/index.php\/wp-json\/wp\/v2\/posts"}],"about":[{"href":"https:\/\/corrientesdetarde.com\/index.php\/wp-json\/wp\/v2\/types\/post"}],"author":[{"embeddable":true,"href":"https:\/\/corrientesdetarde.com\/index.php\/wp-json\/wp\/v2\/users\/1"}],"replies":[{"embeddable":true,"href":"https:\/\/corrientesdetarde.com\/index.php\/wp-json\/wp\/v2\/comments?post=75721"}],"version-history":[{"count":1,"href":"https:\/\/corrientesdetarde.com\/index.php\/wp-json\/wp\/v2\/posts\/75721\/revisions"}],"predecessor-version":[{"id":75734,"href":"https:\/\/corrientesdetarde.com\/index.php\/wp-json\/wp\/v2\/posts\/75721\/revisions\/75734"}],"wp:featuredmedia":[{"embeddable":true,"href":"https:\/\/corrientesdetarde.com\/index.php\/wp-json\/wp\/v2\/media\/75733"}],"wp:attachment":[{"href":"https:\/\/corrientesdetarde.com\/index.php\/wp-json\/wp\/v2\/media?parent=75721"}],"wp:term":[{"taxonomy":"category","embeddable":true,"href":"https:\/\/corrientesdetarde.com\/index.php\/wp-json\/wp\/v2\/categories?post=75721"},{"taxonomy":"post_tag","embeddable":true,"href":"https:\/\/corrientesdetarde.com\/index.php\/wp-json\/wp\/v2\/tags?post=75721"}],"curies":[{"name":"wp","href":"https:\/\/api.w.org\/{rel}","templated":true}]}}