{"id":75738,"date":"2023-07-25T10:02:36","date_gmt":"2023-07-25T13:02:36","guid":{"rendered":"https:\/\/corrientesdetarde.com\/?p=75738"},"modified":"2023-07-25T10:02:47","modified_gmt":"2023-07-25T13:02:47","slug":"colaboracion-para-la-localizacion-de-la-menor-romero-selena-lujan-15-anos","status":"publish","type":"post","link":"https:\/\/corrientesdetarde.com\/index.php\/sociales\/colaboracion-para-la-localizacion-de-la-menor-romero-selena-lujan-15-anos\/","title":{"rendered":"COLABORACION PARA LA LOCALIZACION DE LA MENOR ROMERO SELENA LUJAN (15 a\u00f1os)"},"content":{"rendered":"<div class=\"wp-block-image\">\n<figure class=\"alignright size-large is-resized\"><img loading=\"lazy\" decoding=\"async\" src=\"https:\/\/corrientesdetarde.com\/wp-content\/uploads\/2023\/07\/MENOR-ROMERO-SELENA-LUJAN-324x1024.jpeg\" alt=\"\" class=\"wp-image-75754\" width=\"246\" height=\"777\" srcset=\"https:\/\/corrientesdetarde.com\/wp-content\/uploads\/2023\/07\/MENOR-ROMERO-SELENA-LUJAN-324x1024.jpeg 324w, https:\/\/corrientesdetarde.com\/wp-content\/uploads\/2023\/07\/MENOR-ROMERO-SELENA-LUJAN-95x300.jpeg 95w, https:\/\/corrientesdetarde.com\/wp-content\/uploads\/2023\/07\/MENOR-ROMERO-SELENA-LUJAN-486x1536.jpeg 486w, https:\/\/corrientesdetarde.com\/wp-content\/uploads\/2023\/07\/MENOR-ROMERO-SELENA-LUJAN.jpeg 506w\" sizes=\"auto, (max-width: 246px) 100vw, 246px\" \/><\/figure>\n<\/div>\n\n\n<p><br>En virtud de una denuncia efectuada, por ante la Comisar\u00eda 2da. de la Mujer y del Menor, con intervenci\u00f3n de la U.F.I.C. N\u00b07, por medio de esta gacetilla se solicita la colaboraci\u00f3n para la localizaci\u00f3n y paradero del menor ROMERO, SELENA LUJAN, DE 15 A\u00d1OS DE EDAD.<br>La misma, se encuentra ausente desde el pasado 21-07-23 y hasta el momento de la confecci\u00f3n de esta gacetilla, no se tiene novedades sobre su actual paradero.<br>Sus caracter\u00edsticas f\u00edsicas son las siguientes: de 1,55 mts de estatura aproximadamente, tez blanca, de contextura f\u00edsica delgada; ojos de color marr\u00f3n; cabellos largos, debajo de los hombros, de color<br>casta\u00f1o claros. Desconoci\u00e9ndose como vest\u00eda al momento de su ausencia.<br>Es por ello, que independientemente de la labor de b\u00fasqueda que \u00e9sta realizando la Polic\u00eda, es que se solicita la colaboraci\u00f3n a los distintos medios period\u00edsticos; a la poblaci\u00f3n en general y muy particularmente a aquellas personas que puedan aportar datos ciertos y que ayuden a lograr encontrar a esta menor, podr\u00e1n hacerlo ante la citada Comisar\u00eda 3794-484.651; a la Dependencia Policial m\u00e1s cercana a su domicilio y\/o comunicarse al n\u00famero telef\u00f3nico gratuito de emergencia policial: 911 en la Capital y 101 en el Interior Provincial.<\/p>\n\n\n\n<p><\/p>\n","protected":false},"excerpt":{"rendered":"<p>En virtud de una denuncia efectuada, por ante la Comisar\u00eda 2da. de la Mujer y del Menor, con intervenci\u00f3n de la U.F.I.C. N\u00b07, por medio de esta gacetilla se solicita&hellip; <\/p>\n","protected":false},"author":1,"featured_media":75753,"comment_status":"closed","ping_status":"open","sticky":false,"template":"","format":"standard","meta":{"footnotes":""},"categories":[33,17],"tags":[],"class_list":["post-75738","post","type-post","status-publish","format-standard","has-post-thumbnail","hentry","category-policiales","category-sociales"],"_links":{"self":[{"href":"https:\/\/corrientesdetarde.com\/index.php\/wp-json\/wp\/v2\/posts\/75738","targetHints":{"allow":["GET"]}}],"collection":[{"href":"https:\/\/corrientesdetarde.com\/index.php\/wp-json\/wp\/v2\/posts"}],"about":[{"href":"https:\/\/corrientesdetarde.com\/index.php\/wp-json\/wp\/v2\/types\/post"}],"author":[{"embeddable":true,"href":"https:\/\/corrientesdetarde.com\/index.php\/wp-json\/wp\/v2\/users\/1"}],"replies":[{"embeddable":true,"href":"https:\/\/corrientesdetarde.com\/index.php\/wp-json\/wp\/v2\/comments?post=75738"}],"version-history":[{"count":1,"href":"https:\/\/corrientesdetarde.com\/index.php\/wp-json\/wp\/v2\/posts\/75738\/revisions"}],"predecessor-version":[{"id":75755,"href":"https:\/\/corrientesdetarde.com\/index.php\/wp-json\/wp\/v2\/posts\/75738\/revisions\/75755"}],"wp:featuredmedia":[{"embeddable":true,"href":"https:\/\/corrientesdetarde.com\/index.php\/wp-json\/wp\/v2\/media\/75753"}],"wp:attachment":[{"href":"https:\/\/corrientesdetarde.com\/index.php\/wp-json\/wp\/v2\/media?parent=75738"}],"wp:term":[{"taxonomy":"category","embeddable":true,"href":"https:\/\/corrientesdetarde.com\/index.php\/wp-json\/wp\/v2\/categories?post=75738"},{"taxonomy":"post_tag","embeddable":true,"href":"https:\/\/corrientesdetarde.com\/index.php\/wp-json\/wp\/v2\/tags?post=75738"}],"curies":[{"name":"wp","href":"https:\/\/api.w.org\/{rel}","templated":true}]}}