{"id":75740,"date":"2023-07-25T09:37:36","date_gmt":"2023-07-25T12:37:36","guid":{"rendered":"https:\/\/corrientesdetarde.com\/?p=75740"},"modified":"2023-07-25T09:38:11","modified_gmt":"2023-07-25T12:38:11","slug":"crece-el-escandalo-en-la-familia-tinelli","status":"publish","type":"post","link":"https:\/\/corrientesdetarde.com\/index.php\/espectaculos\/crece-el-escandalo-en-la-familia-tinelli\/","title":{"rendered":"Crece el esc\u00e1ndalo en la familia Tinelli"},"content":{"rendered":"\n<p>La presentaci\u00f3n del nuevo tema de Candelaria blanque\u00f3 que las cosas no est\u00e1n bien al interior de uno de los clanes m\u00e1s importantes del ambiente: mientras ella estaba ac\u00e1 con la mam\u00e1, el conductor de Showmatch ve\u00eda a Messi debutar en Miami.<\/p>\n\n\n\n<p>A diferencia de otros clanes televisivos, &#8220;Los Tinelli&#8221; siempre fueron unidos y tiraron todos para el mismo lado. Se enfrascaron en pol\u00e9micas y en conflictos, por supuesto, pero con otros y nunca entre ellos. Jam\u00e1s de las puertas para adentro.<\/p>\n\n\n\n<p>Hasta ahora, cuando una presentaci\u00f3n musical de Cande no cont\u00f3 con la presencia de su hermana Mica ni la de su pap\u00e1 y ella qued\u00f3 contrariada con ellos. La que estuvo fue Soledad Aquino, su mam\u00e1. As\u00ed, por primera vez en m\u00e1s de 30 a\u00f1os quedaron bien diferenciados &#8220;los bandos&#8221; que al d\u00eda de hoy agitan la interna.<\/p>\n\n\n\n<p>La semana pasada, Cande llev\u00f3 adelante el lanzamiento de un tema que canta con producci\u00f3n de Coti, su pareja. \u00bfC\u00f3mo su pareja, no se hab\u00edan separado? S\u00ed, se hab\u00edan distanciado y hasta hubo palabras fuertes y acusaciones de &#8220;toxicidad&#8221; por parte de \u00e9l, un discurso al que se hab\u00edan plegado tanto su hermana Mica como su mam\u00e1, Sole Aquino, quienes hicieron causa com\u00fan con ella y destrataron a su cu\u00f1ado. Marcelo, en cambio, siempre habl\u00f3 bien de \u00e9l y cuando sobrevino la ruptura opt\u00f3 por el silencio.<\/p>\n\n\n\n<p>En el evento llam\u00f3 la atenci\u00f3n que Cande s\u00f3lo estuviera acompa\u00f1ada por su mam\u00e1. \u00bfPor qu\u00e9? Porque tanto Marcelo como Mica la acompa\u00f1aban as\u00ed fuera a mostrar que se com\u00eda una feta de queso Mar del Plata.<\/p>\n\n\n\n<p>No hab\u00eda circunstancia en la que ellos no estuvieran para hacerle compa\u00f1\u00eda, darle aliento y augurarle cosas muy buenas. Hay ausencias que se notan m\u00e1s que algunas presencias, y este fue uno de esos casos. Todo el mundo se pregunt\u00f3 qu\u00e9 hab\u00eda pasado.<\/p>\n\n\n\n<p>\u00bfQu\u00e9 fue lo que sucedi\u00f3? Que Marcelo se fue a Miami para ver en vivo y en directo el debut de Lionel Messi como futbolista del Inter de esa ciudad. Cuando La Pulga pate\u00f3 el tiro libre que le dio la ag\u00f3nica victoria a su nuevo equipo contra el Cruz Azul de M\u00e9xico, el conductor de Showmatch fue uno de los 22 mil que saltaron como locos en las tribunas del estadio. Claro, no hab\u00eda estado con su hija. Y esa &#8220;priorizaci\u00f3n&#8221; de los hechos provoc\u00f3 la primera interna en la historia de los Tinelli.<\/p>\n\n\n\n<p>LA INTERNA DE LOS TINELLI: CANDE Y SOLEDAD AQUINO POR UN LADO, MARCELO Y MUCA POR EL OTRO<br>Los faltazos le pegaron fuerte a Candelaria, que se expres\u00f3 y lo hizo saber en sus redes sociales, donde contest\u00f3 con sinceridad y franqueza a la pregunta de los usuarios que quisieron saber si no hab\u00eda sentido que por primera vez le falt\u00f3 apoyo. Ella contest\u00f3 que s\u00ed, que le doli\u00f3 y que le result\u00f3 extra\u00f1o que no estuvieran, pero que cada uno hace lo que quiere y que ella estuvo &#8220;con los que me quieren de verdad&#8221;.<\/p>\n\n\n\n<p>Marcelo Tinelli no manifest\u00f3 nada sobre estas cuestiones o sobre la distancia que tomaron p\u00fablicamente Cande y Mica, pero dada su condici\u00f3n de familiar y sobre todo de &#8220;padrazo&#8221; seguramente har\u00e1 algo o mover\u00e1 todos los hilos necesarios para lograr un acercamiento o poner a resguardo la calma y el equilibrio de las relaciones familiares. Hombre ajeno a la confrontaci\u00f3n al menos a nivel interno, Tinelli seguramente pondr\u00e1 pa\u00f1os fr\u00edos a cualquier instancia de desmadre y llamar\u00e1 a todos a la cordura. Pero por ahora, como dec\u00eda la pel\u00edcula, las aguas bajan turbias.<\/p>\n","protected":false},"excerpt":{"rendered":"<p>La presentaci\u00f3n del nuevo tema de Candelaria blanque\u00f3 que las cosas no est\u00e1n bien al interior de uno de los clanes m\u00e1s importantes del ambiente: mientras ella estaba ac\u00e1 con&hellip; <\/p>\n","protected":false},"author":1,"featured_media":75741,"comment_status":"closed","ping_status":"open","sticky":false,"template":"","format":"standard","meta":{"footnotes":""},"categories":[19],"tags":[],"class_list":["post-75740","post","type-post","status-publish","format-standard","has-post-thumbnail","hentry","category-espectaculos"],"_links":{"self":[{"href":"https:\/\/corrientesdetarde.com\/index.php\/wp-json\/wp\/v2\/posts\/75740","targetHints":{"allow":["GET"]}}],"collection":[{"href":"https:\/\/corrientesdetarde.com\/index.php\/wp-json\/wp\/v2\/posts"}],"about":[{"href":"https:\/\/corrientesdetarde.com\/index.php\/wp-json\/wp\/v2\/types\/post"}],"author":[{"embeddable":true,"href":"https:\/\/corrientesdetarde.com\/index.php\/wp-json\/wp\/v2\/users\/1"}],"replies":[{"embeddable":true,"href":"https:\/\/corrientesdetarde.com\/index.php\/wp-json\/wp\/v2\/comments?post=75740"}],"version-history":[{"count":3,"href":"https:\/\/corrientesdetarde.com\/index.php\/wp-json\/wp\/v2\/posts\/75740\/revisions"}],"predecessor-version":[{"id":75745,"href":"https:\/\/corrientesdetarde.com\/index.php\/wp-json\/wp\/v2\/posts\/75740\/revisions\/75745"}],"wp:featuredmedia":[{"embeddable":true,"href":"https:\/\/corrientesdetarde.com\/index.php\/wp-json\/wp\/v2\/media\/75741"}],"wp:attachment":[{"href":"https:\/\/corrientesdetarde.com\/index.php\/wp-json\/wp\/v2\/media?parent=75740"}],"wp:term":[{"taxonomy":"category","embeddable":true,"href":"https:\/\/corrientesdetarde.com\/index.php\/wp-json\/wp\/v2\/categories?post=75740"},{"taxonomy":"post_tag","embeddable":true,"href":"https:\/\/corrientesdetarde.com\/index.php\/wp-json\/wp\/v2\/tags?post=75740"}],"curies":[{"name":"wp","href":"https:\/\/api.w.org\/{rel}","templated":true}]}}