{"id":75749,"date":"2023-07-25T10:33:18","date_gmt":"2023-07-25T13:33:18","guid":{"rendered":"https:\/\/corrientesdetarde.com\/?p=75749"},"modified":"2023-07-25T10:33:29","modified_gmt":"2023-07-25T13:33:29","slug":"italia-azotada-por-tormentas-incendios-y-la-ola-de-calor","status":"publish","type":"post","link":"https:\/\/corrientesdetarde.com\/index.php\/informacion-general\/italia-azotada-por-tormentas-incendios-y-la-ola-de-calor\/","title":{"rendered":"Italia, azotada por tormentas, incendios y la ola de calor"},"content":{"rendered":"\n<p>Italia vive uno de los peores d\u00edas &#8220;en d\u00e9cadas&#8221; azotada por tormentas, incendios y la ola de calor en distintos puntos del pa\u00eds, con un saldo provisorio de tres fallecidos e importantes da\u00f1os, informaron las autoridades.<\/p>\n\n\n\n<p>&#8220;Vivimos en Italia uno de los d\u00edas m\u00e1s complicados de las \u00faltimas d\u00e9cadas: tormentas, tornados, granizo gigante en el norte, calor t\u00f3rrido e incendios devastadores en el Centro-Sur&#8221;, enumer\u00f3 el ministro para la Protecci\u00f3n Civil, Nello Musumeci, a trav\u00e9s de Facebook.<\/p>\n\n\n\n<p>&#8220;Mientras lloramos a las tres v\u00edctimas de estas veinticuatro horas, siento que tengo que agradecer a los Bomberos, a los responsables y voluntarios de Protecci\u00f3n Civil, a los Cuerpos de Polic\u00eda, a los trabajadores forestales y a todos los que se movilizan en las trincheras m\u00e1s dif\u00edciles en estas horas&#8221;, agreg\u00f3 el ministro.<\/p>\n\n\n\n<p>Luego de la ola de calor que azota al pa\u00eds en los \u00faltimos diez d\u00edas, con picos de 48 grados, una tormenta de viento y granizo en el norte del pa\u00eds destroz\u00f3 esta madrugada autos e infraestructuras de varias ciudades, al punto que oblig\u00f3 a frenar por horas la circulaci\u00f3n de algunos trenes.<\/p>\n\n\n\n<p>La premier Giorgia Meloni expres\u00f3 en redes sociales su &#8220;gran pesar&#8221; por los fallecimientos a causa de las condiciones clim\u00e1ticas y reconoci\u00f3 la &#8220;situaci\u00f3n dif\u00edcil de mal tiempo&#8221; que se vive en todo el pa\u00eds.<\/p>\n\n\n\n<p>En ese marco, Musumeci reclam\u00f3 &#8220;un cambio de ritmo&#8221; a nivel nacional y convoc\u00f3 a &#8220;contener los muchos da\u00f1os&#8221; que hay en todo el pa\u00eds.<\/p>\n\n\n\n<p>En las ultimas horas, una ni\u00f1a muri\u00f3 en la provincia de Brescia y una mujer en la norte\u00f1a Lissone al ser golpeadas por \u00e1rboles, mientras que una mujer de 88 a\u00f1os falleci\u00f3 en la zona de Palermo luego de que la ambulancia que esperaba no pudo llegar a su casa a causa de los temporales y los incendios.<\/p>\n\n\n\n<p>As\u00ed, mientras en la norte\u00f1a regi\u00f3n de Lombard\u00eda las tormentas azotaron la regi\u00f3n, con cientos de llamadas a los bomberos en la ciudad y la provincia, un incendio se desencaden\u00f3 en las monta\u00f1as alrededor del aeropuerto Falcone &#8211; Borsellino, en la sure\u00f1a Palermo, que estuvo cerrado al tr\u00e1fico hasta las 11.<\/p>\n\n\n\n<p>&#8220;He visto pasar 65 veranos en mi vida y lo que estoy viendo ahora no es normal, ya no podemos negarlo, el cambio clim\u00e1tico nos est\u00e1 cambiando la vida&#8221;, plante\u00f3 en redes sociales el alcalde de la capital lombarda Mil\u00e1n, Giuseppe Sala.<\/p>\n","protected":false},"excerpt":{"rendered":"<p>Italia vive uno de los peores d\u00edas &#8220;en d\u00e9cadas&#8221; azotada por tormentas, incendios y la ola de calor en distintos puntos del pa\u00eds, con un saldo provisorio de tres fallecidos&hellip; <\/p>\n","protected":false},"author":1,"featured_media":75766,"comment_status":"closed","ping_status":"open","sticky":false,"template":"","format":"standard","meta":{"footnotes":""},"categories":[1],"tags":[],"class_list":["post-75749","post","type-post","status-publish","format-standard","has-post-thumbnail","hentry","category-informacion-general"],"_links":{"self":[{"href":"https:\/\/corrientesdetarde.com\/index.php\/wp-json\/wp\/v2\/posts\/75749","targetHints":{"allow":["GET"]}}],"collection":[{"href":"https:\/\/corrientesdetarde.com\/index.php\/wp-json\/wp\/v2\/posts"}],"about":[{"href":"https:\/\/corrientesdetarde.com\/index.php\/wp-json\/wp\/v2\/types\/post"}],"author":[{"embeddable":true,"href":"https:\/\/corrientesdetarde.com\/index.php\/wp-json\/wp\/v2\/users\/1"}],"replies":[{"embeddable":true,"href":"https:\/\/corrientesdetarde.com\/index.php\/wp-json\/wp\/v2\/comments?post=75749"}],"version-history":[{"count":1,"href":"https:\/\/corrientesdetarde.com\/index.php\/wp-json\/wp\/v2\/posts\/75749\/revisions"}],"predecessor-version":[{"id":75767,"href":"https:\/\/corrientesdetarde.com\/index.php\/wp-json\/wp\/v2\/posts\/75749\/revisions\/75767"}],"wp:featuredmedia":[{"embeddable":true,"href":"https:\/\/corrientesdetarde.com\/index.php\/wp-json\/wp\/v2\/media\/75766"}],"wp:attachment":[{"href":"https:\/\/corrientesdetarde.com\/index.php\/wp-json\/wp\/v2\/media?parent=75749"}],"wp:term":[{"taxonomy":"category","embeddable":true,"href":"https:\/\/corrientesdetarde.com\/index.php\/wp-json\/wp\/v2\/categories?post=75749"},{"taxonomy":"post_tag","embeddable":true,"href":"https:\/\/corrientesdetarde.com\/index.php\/wp-json\/wp\/v2\/tags?post=75749"}],"curies":[{"name":"wp","href":"https:\/\/api.w.org\/{rel}","templated":true}]}}