{"id":75750,"date":"2023-07-25T10:29:54","date_gmt":"2023-07-25T13:29:54","guid":{"rendered":"https:\/\/corrientesdetarde.com\/?p=75750"},"modified":"2023-07-25T10:29:55","modified_gmt":"2023-07-25T13:29:55","slug":"yamila-rodriguez-pide-que-dejen-de-atacarla-jamas-dije-que-era-anti-messi","status":"publish","type":"post","link":"https:\/\/corrientesdetarde.com\/index.php\/deportes\/yamila-rodriguez-pide-que-dejen-de-atacarla-jamas-dije-que-era-anti-messi\/","title":{"rendered":"Yamila Rodr\u00edguez pide que dejen de atacarla: &#8220;Jam\u00e1s dije que era anti Messi&#8221;"},"content":{"rendered":"\n<p>Yamila Rodr\u00edguez, que ingres\u00f3 en el segundo tiempo del debut con derrota por 1-0 frente a Italia en el Mundial Femenino de Australia y Nueva Zelanda 2023, se mostr\u00f3 dolida en las redes sociales por quienes la trataron de &#8220;anti Messi&#8221; por tener tatuado a Cristiano Ronaldo.<\/p>\n\n\n\n<p>&#8220;Por favor, basta; no la estoy pasando bien. \u00bfEn qu\u00e9 momento dije que soy anti Messi? Dejen de decir cosas que yo no dije porque de verdad la estoy pasando mal (en medio de un Mundial representando al pa\u00eds). No la paso mal por ustedes sino por las barbaridades que se dicen, sin piedad. \u00bfUno no puede tener un \u00eddolo o un jugador que le guste? Por favor&#8221;, escribi\u00f3 la jugadora del Palmeiras en sus cuentas de Instagram y Twitter.<\/p>\n\n\n\n<figure class=\"wp-block-image size-large\"><img loading=\"lazy\" decoding=\"async\" width=\"588\" height=\"1024\" src=\"https:\/\/corrientesdetarde.com\/wp-content\/uploads\/2023\/07\/image-586-588x1024.png\" alt=\"\" class=\"wp-image-75763\" srcset=\"https:\/\/corrientesdetarde.com\/wp-content\/uploads\/2023\/07\/image-586-588x1024.png 588w, https:\/\/corrientesdetarde.com\/wp-content\/uploads\/2023\/07\/image-586-172x300.png 172w, https:\/\/corrientesdetarde.com\/wp-content\/uploads\/2023\/07\/image-586-768x1337.png 768w, https:\/\/corrientesdetarde.com\/wp-content\/uploads\/2023\/07\/image-586-883x1536.png 883w, https:\/\/corrientesdetarde.com\/wp-content\/uploads\/2023\/07\/image-586.png 1140w\" sizes=\"auto, (max-width: 588px) 100vw, 588px\" \/><\/figure>\n\n\n\n<p>&#8220;Jam\u00e1s dije que era anti-Messi, jam\u00e1s lo ser\u00eda. Messi es nuestro gran capit\u00e1n de la Selecci\u00f3n pero que yo diga que mi inspiraci\u00f3n y mi \u00eddolo es CR7 no quiere decir que odie a Messi, si no que a m\u00ed me gusta m\u00e1s otro jugador, el que me inspir\u00f3. \u00bfCu\u00e1l es el problema? A todos nos pueden gustar cosas distintas y eso deber\u00eda ser v\u00e1lido&#8221;, continu\u00f3 la misionera, que tiene tatuados a Maradona y Cristiano Ronaldo en su pierna izquierda.<\/p>\n\n\n\n<p>&#8220;No estamos todos obligados s\u00f3lo a amar a los jugadores de nuestro pa\u00eds. Por favor entiendan que esto es f\u00fatbol y cada uno tiene sus preferencias. Destacar a uno no significa enterrar al otro. Basta, cansa, duele&#8221;, cerr\u00f3 su posteo la exfutbolista de Boca, de 25 a\u00f1os, en Auckland.<\/p>\n\n\n\n<p>Rodr\u00edguez fue la goleadora de la \u00faltima Copa Am\u00e9rica, en la que Argentina logr\u00f3 el cupo mundialista, y est\u00e1 disputando su primera Copa del Mundo con la camiseta de la Selecci\u00f3n.<\/p>\n","protected":false},"excerpt":{"rendered":"<p>Yamila Rodr\u00edguez, que ingres\u00f3 en el segundo tiempo del debut con derrota por 1-0 frente a Italia en el Mundial Femenino de Australia y Nueva Zelanda 2023, se mostr\u00f3 dolida&hellip; <\/p>\n","protected":false},"author":1,"featured_media":75764,"comment_status":"closed","ping_status":"open","sticky":false,"template":"","format":"standard","meta":{"footnotes":""},"categories":[4],"tags":[],"class_list":["post-75750","post","type-post","status-publish","format-standard","has-post-thumbnail","hentry","category-deportes"],"_links":{"self":[{"href":"https:\/\/corrientesdetarde.com\/index.php\/wp-json\/wp\/v2\/posts\/75750","targetHints":{"allow":["GET"]}}],"collection":[{"href":"https:\/\/corrientesdetarde.com\/index.php\/wp-json\/wp\/v2\/posts"}],"about":[{"href":"https:\/\/corrientesdetarde.com\/index.php\/wp-json\/wp\/v2\/types\/post"}],"author":[{"embeddable":true,"href":"https:\/\/corrientesdetarde.com\/index.php\/wp-json\/wp\/v2\/users\/1"}],"replies":[{"embeddable":true,"href":"https:\/\/corrientesdetarde.com\/index.php\/wp-json\/wp\/v2\/comments?post=75750"}],"version-history":[{"count":1,"href":"https:\/\/corrientesdetarde.com\/index.php\/wp-json\/wp\/v2\/posts\/75750\/revisions"}],"predecessor-version":[{"id":75765,"href":"https:\/\/corrientesdetarde.com\/index.php\/wp-json\/wp\/v2\/posts\/75750\/revisions\/75765"}],"wp:featuredmedia":[{"embeddable":true,"href":"https:\/\/corrientesdetarde.com\/index.php\/wp-json\/wp\/v2\/media\/75764"}],"wp:attachment":[{"href":"https:\/\/corrientesdetarde.com\/index.php\/wp-json\/wp\/v2\/media?parent=75750"}],"wp:term":[{"taxonomy":"category","embeddable":true,"href":"https:\/\/corrientesdetarde.com\/index.php\/wp-json\/wp\/v2\/categories?post=75750"},{"taxonomy":"post_tag","embeddable":true,"href":"https:\/\/corrientesdetarde.com\/index.php\/wp-json\/wp\/v2\/tags?post=75750"}],"curies":[{"name":"wp","href":"https:\/\/api.w.org\/{rel}","templated":true}]}}