{"id":75751,"date":"2023-07-25T10:07:45","date_gmt":"2023-07-25T13:07:45","guid":{"rendered":"https:\/\/corrientesdetarde.com\/?p=75751"},"modified":"2023-07-25T10:07:47","modified_gmt":"2023-07-25T13:07:47","slug":"el-paso-se-prepara-para-vivir-la-58-fiesta-del-dorado","status":"publish","type":"post","link":"https:\/\/corrientesdetarde.com\/index.php\/eventos\/el-paso-se-prepara-para-vivir-la-58-fiesta-del-dorado\/","title":{"rendered":"\u00a0El Paso se prepara para vivir la 58 Fiesta del Dorado"},"content":{"rendered":"\n<p>Del<em><strong> 16 al 20 de agosto<\/strong><\/em> Paso de la Patria vivir\u00e1 lo que llaman &#8220;el Torneo de Pesca con m\u00e1s historia del pa\u00eds&#8221;. Se viene la <em><strong>58\u00b0 Fiesta Nacional de la Pesca del Dorado<\/strong><\/em>, y la villa tur\u00edstica est\u00e1 preparando el evento de la mejor manera. Prestadores tur\u00edsticos suman su esfuerzo a funcionarios comunales para garantizar el \u00e9xito de la fiesta que prev\u00e9 la visita de cerca de 100 mil turistas.<\/p>\n","protected":false},"excerpt":{"rendered":"<p>Del 16 al 20 de agosto Paso de la Patria vivir\u00e1 lo que llaman &#8220;el Torneo de Pesca con m\u00e1s historia del pa\u00eds&#8221;. Se viene la 58\u00b0 Fiesta Nacional de&hellip; <\/p>\n","protected":false},"author":1,"featured_media":75758,"comment_status":"closed","ping_status":"open","sticky":false,"template":"","format":"standard","meta":{"footnotes":""},"categories":[22],"tags":[],"class_list":["post-75751","post","type-post","status-publish","format-standard","has-post-thumbnail","hentry","category-eventos"],"_links":{"self":[{"href":"https:\/\/corrientesdetarde.com\/index.php\/wp-json\/wp\/v2\/posts\/75751","targetHints":{"allow":["GET"]}}],"collection":[{"href":"https:\/\/corrientesdetarde.com\/index.php\/wp-json\/wp\/v2\/posts"}],"about":[{"href":"https:\/\/corrientesdetarde.com\/index.php\/wp-json\/wp\/v2\/types\/post"}],"author":[{"embeddable":true,"href":"https:\/\/corrientesdetarde.com\/index.php\/wp-json\/wp\/v2\/users\/1"}],"replies":[{"embeddable":true,"href":"https:\/\/corrientesdetarde.com\/index.php\/wp-json\/wp\/v2\/comments?post=75751"}],"version-history":[{"count":1,"href":"https:\/\/corrientesdetarde.com\/index.php\/wp-json\/wp\/v2\/posts\/75751\/revisions"}],"predecessor-version":[{"id":75759,"href":"https:\/\/corrientesdetarde.com\/index.php\/wp-json\/wp\/v2\/posts\/75751\/revisions\/75759"}],"wp:featuredmedia":[{"embeddable":true,"href":"https:\/\/corrientesdetarde.com\/index.php\/wp-json\/wp\/v2\/media\/75758"}],"wp:attachment":[{"href":"https:\/\/corrientesdetarde.com\/index.php\/wp-json\/wp\/v2\/media?parent=75751"}],"wp:term":[{"taxonomy":"category","embeddable":true,"href":"https:\/\/corrientesdetarde.com\/index.php\/wp-json\/wp\/v2\/categories?post=75751"},{"taxonomy":"post_tag","embeddable":true,"href":"https:\/\/corrientesdetarde.com\/index.php\/wp-json\/wp\/v2\/tags?post=75751"}],"curies":[{"name":"wp","href":"https:\/\/api.w.org\/{rel}","templated":true}]}}