{"id":75752,"date":"2023-07-25T10:06:11","date_gmt":"2023-07-25T13:06:11","guid":{"rendered":"https:\/\/corrientesdetarde.com\/?p=75752"},"modified":"2023-07-25T10:06:15","modified_gmt":"2023-07-25T13:06:15","slug":"intensifican-la-busqueda-de-un-hombre-que-apunalo-a-otro-tras-discusion-de-transito","status":"publish","type":"post","link":"https:\/\/corrientesdetarde.com\/index.php\/policiales\/intensifican-la-busqueda-de-un-hombre-que-apunalo-a-otro-tras-discusion-de-transito\/","title":{"rendered":"Intensifican la b\u00fasqueda de un hombre que apu\u00f1al\u00f3 a otro tras discusi\u00f3n de tr\u00e1nsito"},"content":{"rendered":"\n<p>El homicidio de Juan Vischi (29) ocurri\u00f3 hace un a\u00f1o y medio en Corrientes. Desde entonces hay un pr\u00f3fugo: <strong><em>Daniel Romero<\/em> del barrio<em> Pl\u00e1cido Mart\u00ednez<\/em>.<\/strong><\/p>\n\n\n\n<p>Polic\u00edas de la comisar\u00eda Sexta ten\u00edan el dato de que lo habr\u00edan visto estos d\u00edas en la zona. Por ello concretaron dos allanamientos, con apoyo de Antiarrebatos, Polic\u00eda de Alto Riesgo y del Grupo de Intervenci\u00f3n R\u00e1pida.<\/p>\n\n\n\n<p><em>Pese a los procedimientos<strong> no encontraron al fugitivo<\/strong>.<\/em><\/p>\n\n\n\n<p><em>Daniel y su hermano Gustavo ser\u00edan responsables de apu\u00f1alar a Vischi<\/em> y ocasionarle a <strong>muerte <\/strong>en el barrio Anah\u00ed. Hecho sucedido en febrero de 2022.<\/p>\n\n\n\n<p>La captura del sospechoso de homicidio es s\u00f3lo cuesti\u00f3n de tiempo<\/p>\n\n\n\n<figure class=\"wp-block-image\"><img decoding=\"async\" src=\"https:\/\/www.radiodos.com.ar\/content\/bucket\/9\/202759w770h418c.jpg.webp\" alt=\"\"\/><\/figure>\n\n\n\n<p><strong>El hecho<\/strong><\/p>\n\n\n\n<p>Juan Aquiles Vischi, de 29 a\u00f1os, fue <strong><em>asesinado <\/em><\/strong>de una pu\u00f1alada tras protagonizar un choque entre motos en el barrio Anah\u00ed. El incidente ocurri\u00f3 el domingo 6 de febrero de 2022 a la ma\u00f1ana, y la cuchillada le habr\u00eda cortado la vena femoral, por lo que la v\u00edctima lleg\u00f3 desangrado al Hospital Escuela y en estado grav\u00edsimo.<\/p>\n\n\n\n<p>Los se\u00f1alados fueron dos hermanos identificado como Daniel y Gustavo Romero, quienes se fugaron desde el momento del ataque, al darse cuenta de lo que hab\u00edan hecho y la gravedad de la lesi\u00f3n que le provocaron a Vischi. <em><strong>Gustavo cay\u00f3 semanas despu\u00e9s. Pero Daniel contin\u00faa pr\u00f3fugo.<\/strong><\/em><\/p>\n\n\n\n<p>Cabe recordar que el incidente se habr\u00eda originado&nbsp; frente a una vivienda ubicada por calle Esteban Bajac y Cristo Obrero en el barrio Anah\u00ed, hasta donde llegaron los hermanos Romero a bordo de una motocicleta y comenzaron a increpar a la v\u00edctima, quien no habr\u00eda tenido tiempo a reaccionar, cuando recibi\u00f3 un certero puntazo en una de sus piernas, lo que le produjo el corte de la vena femoral y la inmediata p\u00e9rdida de sangre de Vischi.<\/p>\n\n\n\n<p>Efectivos de la comisar\u00eda Decimoprimera llegaron al lugar, aunque el muchacho ya hab\u00eda sido trasladado hacia el Hospital Escuela en el cual qued\u00f3 internado en estado grav\u00edsimo, hasta que al mediod\u00eda de ayer finalmente se produjo su fallecimiento.<\/p>\n\n\n\n<p>Una de las versiones m\u00e1s fuertes que manejaban ayer los investigadores, indica que un rato antes del incidente en el barrio Anah\u00ed, tanto Vischi como los Romero habr\u00edan protagonizado un accidente entre motos muy cerca del lugar. Al parecer tras ese siniestro, que no tuvo consecuencias graves producto del impacto, Vischi se retir\u00f3 del lugar, pero los otros, luego de poder incorporarse, comenzaron a buscarlo. Al parecer, eso habr\u00eda sido, seg\u00fan indicaron algunos testigos, lo que fueron a reclamarle a la v\u00edctima antes del ataque.<\/p>\n","protected":false},"excerpt":{"rendered":"<p>El homicidio de Juan Vischi (29) ocurri\u00f3 hace un a\u00f1o y medio en Corrientes. Desde entonces hay un pr\u00f3fugo: Daniel Romero del barrio Pl\u00e1cido Mart\u00ednez. Polic\u00edas de la comisar\u00eda Sexta&hellip; <\/p>\n","protected":false},"author":1,"featured_media":75756,"comment_status":"closed","ping_status":"open","sticky":false,"template":"","format":"standard","meta":{"footnotes":""},"categories":[33],"tags":[],"class_list":["post-75752","post","type-post","status-publish","format-standard","has-post-thumbnail","hentry","category-policiales"],"_links":{"self":[{"href":"https:\/\/corrientesdetarde.com\/index.php\/wp-json\/wp\/v2\/posts\/75752","targetHints":{"allow":["GET"]}}],"collection":[{"href":"https:\/\/corrientesdetarde.com\/index.php\/wp-json\/wp\/v2\/posts"}],"about":[{"href":"https:\/\/corrientesdetarde.com\/index.php\/wp-json\/wp\/v2\/types\/post"}],"author":[{"embeddable":true,"href":"https:\/\/corrientesdetarde.com\/index.php\/wp-json\/wp\/v2\/users\/1"}],"replies":[{"embeddable":true,"href":"https:\/\/corrientesdetarde.com\/index.php\/wp-json\/wp\/v2\/comments?post=75752"}],"version-history":[{"count":1,"href":"https:\/\/corrientesdetarde.com\/index.php\/wp-json\/wp\/v2\/posts\/75752\/revisions"}],"predecessor-version":[{"id":75757,"href":"https:\/\/corrientesdetarde.com\/index.php\/wp-json\/wp\/v2\/posts\/75752\/revisions\/75757"}],"wp:featuredmedia":[{"embeddable":true,"href":"https:\/\/corrientesdetarde.com\/index.php\/wp-json\/wp\/v2\/media\/75756"}],"wp:attachment":[{"href":"https:\/\/corrientesdetarde.com\/index.php\/wp-json\/wp\/v2\/media?parent=75752"}],"wp:term":[{"taxonomy":"category","embeddable":true,"href":"https:\/\/corrientesdetarde.com\/index.php\/wp-json\/wp\/v2\/categories?post=75752"},{"taxonomy":"post_tag","embeddable":true,"href":"https:\/\/corrientesdetarde.com\/index.php\/wp-json\/wp\/v2\/tags?post=75752"}],"curies":[{"name":"wp","href":"https:\/\/api.w.org\/{rel}","templated":true}]}}