{"id":75760,"date":"2023-07-25T10:28:50","date_gmt":"2023-07-25T13:28:50","guid":{"rendered":"https:\/\/corrientesdetarde.com\/?p=75760"},"modified":"2023-07-25T10:29:02","modified_gmt":"2023-07-25T13:29:02","slug":"liga-profesional-el-arbitraje-otra-vez-en-la-mira","status":"publish","type":"post","link":"https:\/\/corrientesdetarde.com\/index.php\/deportes\/liga-profesional-el-arbitraje-otra-vez-en-la-mira\/","title":{"rendered":"LIGA PROFESIONAL: EL ARBITRAJE OTRA VEZ EN LA MIRA"},"content":{"rendered":"\n<p>(Corresponsal\u00eda Buenos Aires) No es novedad que tengamos que volver a hablar del arbitraje o del VAR en el marco de nuestro campeonato.<br>Tras otro lunes de f\u00fatbol, nuevamente se produjeron situaciones oscuras que contin\u00faan dejando muy mal parado al arbitraje argentino.<br>Luego de la derrota ante Banfield en el sur por 2 a 0 los jugadores de Godoy Cruz emitieron un comunicado muy duro (Foto) poniendo en tela de juicio los manejos de Dar\u00edo Herrera. No solo poniendo el foco en las pol\u00e9micas decisiones del \u00e1rbitro, sino tambi\u00e9n criticando duramente su conducta y su proceder hacia con los jugadores. &#8220;Pedila ahora que vas perdiendo&#8221;, &#8220;no hables que ten\u00e9s dos partidos en primera&#8221;, &#8220;ahora no te voy a cobrar nada&#8221;, son algunas de las frases que el colegiado habr\u00eda dirigido hacia los futbolistas del equipo mendocino y que constan en dicho comunicado.<br>Al pol\u00e9mico arbitraje de Herrera se sum\u00f3 una situaci\u00f3n m\u00ednimamente llamativa en el encuentro entre V\u00e9lez y Uni\u00f3n en Liniers. El equipo santafesino, que pocas fechas atr\u00e1s hab\u00eda sido privado por el VAR de un triunfo ante Boca, se vi\u00f3 otra vez perjudicado, en este caso por Fernando Rapallini, que omiti\u00f3 un claro penal a favor del tatengue tras una clara mano de Lautaro Giannetti, quien levant\u00f3 y acomod\u00f3 la pelota en el \u00e1rea cuando el arquero Burian se dispon\u00eda a sacar desde su meta.<br>Es una realidad que los resultados quedan cada vez m\u00e1s en segundo plano cuando los partidos se desarrollan con tantos condicionamientos. Sea en Santa Fe, en C\u00f3rdoba, en Buenos Aires o en Mendoza, la influencia negativa de los arbitrajes y el VAR es cada vez m\u00e1s notoria.<br>Si quien tiene que tomar cartas en el asunto no lo hace r\u00e1pidamente, entraremos en un torneo en el cual la gran mayor\u00eda de los encuentros se decidir\u00e1n m\u00e1s por la voluntad de un \u00e1rbitro o por la de tres personas detr\u00e1s de un monitor que por lo que los propios futbolistas con sus defectos y virtudes puedan ejecutar en el verde c\u00e9sped.<\/p>\n","protected":false},"excerpt":{"rendered":"<p>(Corresponsal\u00eda Buenos Aires) No es novedad que tengamos que volver a hablar del arbitraje o del VAR en el marco de nuestro campeonato.Tras otro lunes de f\u00fatbol, nuevamente se produjeron&hellip; <\/p>\n","protected":false},"author":11,"featured_media":75761,"comment_status":"closed","ping_status":"open","sticky":false,"template":"","format":"standard","meta":{"footnotes":""},"categories":[4],"tags":[],"class_list":["post-75760","post","type-post","status-publish","format-standard","has-post-thumbnail","hentry","category-deportes"],"_links":{"self":[{"href":"https:\/\/corrientesdetarde.com\/index.php\/wp-json\/wp\/v2\/posts\/75760","targetHints":{"allow":["GET"]}}],"collection":[{"href":"https:\/\/corrientesdetarde.com\/index.php\/wp-json\/wp\/v2\/posts"}],"about":[{"href":"https:\/\/corrientesdetarde.com\/index.php\/wp-json\/wp\/v2\/types\/post"}],"author":[{"embeddable":true,"href":"https:\/\/corrientesdetarde.com\/index.php\/wp-json\/wp\/v2\/users\/11"}],"replies":[{"embeddable":true,"href":"https:\/\/corrientesdetarde.com\/index.php\/wp-json\/wp\/v2\/comments?post=75760"}],"version-history":[{"count":1,"href":"https:\/\/corrientesdetarde.com\/index.php\/wp-json\/wp\/v2\/posts\/75760\/revisions"}],"predecessor-version":[{"id":75762,"href":"https:\/\/corrientesdetarde.com\/index.php\/wp-json\/wp\/v2\/posts\/75760\/revisions\/75762"}],"wp:featuredmedia":[{"embeddable":true,"href":"https:\/\/corrientesdetarde.com\/index.php\/wp-json\/wp\/v2\/media\/75761"}],"wp:attachment":[{"href":"https:\/\/corrientesdetarde.com\/index.php\/wp-json\/wp\/v2\/media?parent=75760"}],"wp:term":[{"taxonomy":"category","embeddable":true,"href":"https:\/\/corrientesdetarde.com\/index.php\/wp-json\/wp\/v2\/categories?post=75760"},{"taxonomy":"post_tag","embeddable":true,"href":"https:\/\/corrientesdetarde.com\/index.php\/wp-json\/wp\/v2\/tags?post=75760"}],"curies":[{"name":"wp","href":"https:\/\/api.w.org\/{rel}","templated":true}]}}