{"id":75828,"date":"2023-07-25T16:41:31","date_gmt":"2023-07-25T19:41:31","guid":{"rendered":"https:\/\/corrientesdetarde.com\/?p=75828"},"modified":"2023-07-25T16:44:15","modified_gmt":"2023-07-25T19:44:15","slug":"alberto-fernandez-en-mi-gobierno-me-ha-pasado-de-todo-solo-falta-que-lleguen-los-marcianos","status":"publish","type":"post","link":"https:\/\/corrientesdetarde.com\/index.php\/nacionales\/alberto-fernandez-en-mi-gobierno-me-ha-pasado-de-todo-solo-falta-que-lleguen-los-marcianos\/","title":{"rendered":"Alberto Fern\u00e1ndez: &#8220;En mi gobierno me ha pasado de todo, solo falta que lleguen los marcianos&#8221;"},"content":{"rendered":"\n<p>El Presidente se refiri\u00f3 a los retos que enfrent\u00f3 durante su Gobierno, desde la pandemia hasta una sequ\u00eda r\u00e9cord y, ahora, la posibilidad de inundaciones.<\/p>\n\n\n\n<p>El presidente&nbsp;<strong>Alberto Fern\u00e1ndez se refiri\u00f3 este martes a los muchos retos que le toc\u00f3 afrontar desde el 10 de diciembre de 2019<\/strong>, cuando inici\u00f3 su mandato, justo antes de la pandemia de coronavirus, con la pesada herencia de Mauricio Macri y una negociaci\u00f3n pendiente con el Fondo Monetario Internacional (FMI).&nbsp;<strong>&#8220;S\u00f3lo falta que lleguen los marcianos&#8221;, ironiz\u00f3 acerca de la posibilidad de inundaciones en 2023 o 2024<\/strong>.<\/p>\n\n\n\n<p>&#8220;Conviv\u00ed todo el gobierno con la bajante m\u00e1s grande del r\u00edo Paran\u00e1, en ese contexto nos hicimos cargo de la hidrov\u00eda con buenos resultados, porque sigui\u00f3 funcionando y nos dej\u00f3 un saldo acreedor al gobierno de 38 millones de d\u00f3lares&#8221;, afirm\u00f3 el Presidente durante un acto en el Museo del Bicentenario por el cierre del 45\u00b0 Consejo Federal Agropecuario.<\/p>\n\n\n\n<p>Alberto Fern\u00e1ndez consider\u00f3 que &#8220;Argentina es uno de los pa\u00edses que m\u00e1s cuida&#8221; el medioambiente, pero abri\u00f3 el paraguas ante la posibilidad de inundaciones que afectar\u00edan al rubro agropecuario as\u00ed como tambi\u00e9n a la poblaci\u00f3n general.<\/p>\n\n\n\n<p>&#8220;Tenemos que estar poni\u00e9ndonos a trabajar hoy para ver de qu\u00e9 modo mitigamos los efectos de las inundaciones, que ah\u00ed no solo tiene un efecto sobre la agricultura sino social muy importante porque hay gente que queda anegada y fuera de circulaci\u00f3n por mucho tiempo&#8221;, afirm\u00f3.<\/p>\n\n\n\n<p>&#8220;Lo que puede ser una buena noticia para el agro, puede ser una noticia p\u00e9sima para las ciudades de zonas aleda\u00f1as a r\u00edos que pueden crecer.&nbsp;<strong>Yo reconozco que en mi gobierno me ha pasado de todo, solo falta que lleguen los marcianos&#8221;, brome\u00f3 el Presidente<\/strong>.<\/p>\n\n\n\n<p>&#8220;Pens\u00e9 que la sequ\u00eda ser\u00eda el \u00faltimo problema pero parece ser que ahora adem\u00e1s tenemos el riesgo de que nos sobre el agua y seamos atacados por el agua&#8221;, se\u00f1al\u00f3.<\/p>\n\n\n\n<p><\/p>\n","protected":false},"excerpt":{"rendered":"<p>El Presidente se refiri\u00f3 a los retos que enfrent\u00f3 durante su Gobierno, desde la pandemia hasta una sequ\u00eda r\u00e9cord y, ahora, la posibilidad de inundaciones. El presidente&nbsp;Alberto Fern\u00e1ndez se refiri\u00f3&hellip; <\/p>\n","protected":false},"author":8,"featured_media":75829,"comment_status":"closed","ping_status":"open","sticky":false,"template":"","format":"standard","meta":{"footnotes":""},"categories":[10],"tags":[],"class_list":["post-75828","post","type-post","status-publish","format-standard","has-post-thumbnail","hentry","category-nacionales"],"_links":{"self":[{"href":"https:\/\/corrientesdetarde.com\/index.php\/wp-json\/wp\/v2\/posts\/75828","targetHints":{"allow":["GET"]}}],"collection":[{"href":"https:\/\/corrientesdetarde.com\/index.php\/wp-json\/wp\/v2\/posts"}],"about":[{"href":"https:\/\/corrientesdetarde.com\/index.php\/wp-json\/wp\/v2\/types\/post"}],"author":[{"embeddable":true,"href":"https:\/\/corrientesdetarde.com\/index.php\/wp-json\/wp\/v2\/users\/8"}],"replies":[{"embeddable":true,"href":"https:\/\/corrientesdetarde.com\/index.php\/wp-json\/wp\/v2\/comments?post=75828"}],"version-history":[{"count":2,"href":"https:\/\/corrientesdetarde.com\/index.php\/wp-json\/wp\/v2\/posts\/75828\/revisions"}],"predecessor-version":[{"id":75834,"href":"https:\/\/corrientesdetarde.com\/index.php\/wp-json\/wp\/v2\/posts\/75828\/revisions\/75834"}],"wp:featuredmedia":[{"embeddable":true,"href":"https:\/\/corrientesdetarde.com\/index.php\/wp-json\/wp\/v2\/media\/75829"}],"wp:attachment":[{"href":"https:\/\/corrientesdetarde.com\/index.php\/wp-json\/wp\/v2\/media?parent=75828"}],"wp:term":[{"taxonomy":"category","embeddable":true,"href":"https:\/\/corrientesdetarde.com\/index.php\/wp-json\/wp\/v2\/categories?post=75828"},{"taxonomy":"post_tag","embeddable":true,"href":"https:\/\/corrientesdetarde.com\/index.php\/wp-json\/wp\/v2\/tags?post=75828"}],"curies":[{"name":"wp","href":"https:\/\/api.w.org\/{rel}","templated":true}]}}