{"id":7583,"date":"2022-09-30T22:26:47","date_gmt":"2022-10-01T01:26:47","guid":{"rendered":"https:\/\/corrientesdetarde.com\/?p=7583"},"modified":"2022-09-30T22:26:51","modified_gmt":"2022-10-01T01:26:51","slug":"cardozo-remarco-que-la-estrategia-de-la-atencion-primaria-es-la-mas-acertada","status":"publish","type":"post","link":"https:\/\/corrientesdetarde.com\/index.php\/eventos\/cardozo-remarco-que-la-estrategia-de-la-atencion-primaria-es-la-mas-acertada\/","title":{"rendered":"Cardozo remarc\u00f3 que la estrategia de la atenci\u00f3n primaria &#8220;es la m\u00e1s acertada&#8221;"},"content":{"rendered":"\n<p><em>Fue en el marco del Encuentro Provincial de Agentes Sanitarios que se realiz\u00f3 hoy en Bella Vista, un evento que no se hac\u00eda desde hace dos a\u00f1os por la pandemia por Covid-19.&nbsp;<\/em><\/p>\n\n\n\n<p>El ministro de Salud P\u00fablica de la Provincia, Ricardo Cardozo, junto a la subsecretaria de Atenci\u00f3n Primaria de la Salud, Alicia Pereira, encabez\u00f3 hoy el cuarto Encuentro Provincial de Agentes Sanitarios. El lema escogido para este a\u00f1o es: &#8220;El Agente Sanitario, puente hacia la salud&#8221;. M\u00e1s de 600 personas estuvieron presentes.&nbsp;<\/p>\n\n\n\n<p>&#8220;Hac\u00eda dos a\u00f1os que no hac\u00edamos esto y para m\u00ed como ministro los agentes sanitarios son muy importantes porque la estrategia de la atenci\u00f3n primaria es la m\u00e1s acertada en el sistema de la salud p\u00fablica&#8221;, dijo el ministro&nbsp;<strong>Ricardo Cardozo<\/strong>.&nbsp;<\/p>\n\n\n\n<figure class=\"wp-block-image size-large\"><img decoding=\"async\" src=\"https:\/\/corrientesdetarde.com\/wp-content\/uploads\/2022\/09\/imagen-95907-1024x683.jpg\" alt=\"\" class=\"wp-image-7588\"\/><\/figure>\n\n\n\n<p><\/p>\n\n\n\n<p>Explic\u00f3 que &#8220;la organizaci\u00f3n de la salud casi siempre o tradicionalmente se bas\u00f3 en el hospital y que hace bastante tiempo venimos bregando para que la atenci\u00f3n primaria ocupe el lugar que tiene que ocupar&#8221;.&nbsp;<\/p>\n\n\n\n<p>El ministro puso en valor el trabajo de ese personal al indicar que &#8220;la atenci\u00f3n primaria, representada por el agente sanitario, es muy importante porque es el agente sanitario el que atiende a los pacientes, a los vecinos, son los que ponen vacunas&#8221;.&nbsp;<\/p>\n\n\n\n<p>&#8220;En la salud, no es el m\u00e9dico o el enfermero el m\u00e1s importante, sino el equipo de salud en si es el importante y los agentes sanitarios forman parte central de ese equipo&#8221;, remarc\u00f3.&nbsp;<\/p>\n\n\n\n<p>As\u00ed, anunci\u00f3: &#8220;Hoy estamos saliendo de la pandemia gracias a la buena gesti\u00f3n del Ministerio de Salud P\u00fablica y al apoyo del gobernador Gustavo Vald\u00e9s y estamos comenzando una especie de recuperaci\u00f3n de todas las \u00e1reas y estamos planificando para el 2023 una mayor inversi\u00f3n en la atenci\u00f3n primaria de la salud&#8221;.&nbsp;<\/p>\n\n\n\n<p>Por su parte, la subsecretaria de Atenci\u00f3n Primaria de la Salud,&nbsp;<strong>Alicia Pereira<\/strong>, agradeci\u00f3 a los &#8220;500 agentes sanitarios presentes&#8221; en el evento y remarc\u00f3 el trabajo de ese recurso humano y de todo el personal de salud por el &#8220;inmenso apoyo en los momentos m\u00e1s dif\u00edciles de la pandemia&#8221;.&nbsp;<\/p>\n\n\n\n<p>En la ocasi\u00f3n, estuvieron presentes equipos sanitarios de toda la provincia, quienes expusieron sus experiencias sobre la pandemia por Covid-19, la emergencia \u00edgnea en la provincia y el cuidado de la poblaci\u00f3n rural, entre otros temas.&nbsp;<\/p>\n\n\n\n<p>En la oportunidad se entregaron tensi\u00f3metros, tablets y mochilas a los agentes sanitarios.&nbsp;<\/p>\n\n\n\n<figure class=\"wp-block-image size-large\"><img decoding=\"async\" src=\"https:\/\/corrientesdetarde.com\/wp-content\/uploads\/2022\/09\/imagen-95908-1024x683.jpg\" alt=\"\" class=\"wp-image-7587\"\/><\/figure>\n\n\n\n<p><\/p>\n","protected":false},"excerpt":{"rendered":"<p>Fue en el marco del Encuentro Provincial de Agentes Sanitarios que se realiz\u00f3 hoy en Bella Vista, un evento que no se hac\u00eda desde hace dos a\u00f1os por la pandemia&hellip; <\/p>\n","protected":false},"author":1,"featured_media":0,"comment_status":"closed","ping_status":"open","sticky":false,"template":"","format":"standard","meta":{"footnotes":""},"categories":[22],"tags":[],"class_list":["post-7583","post","type-post","status-publish","format-standard","hentry","category-eventos"],"_links":{"self":[{"href":"https:\/\/corrientesdetarde.com\/index.php\/wp-json\/wp\/v2\/posts\/7583","targetHints":{"allow":["GET"]}}],"collection":[{"href":"https:\/\/corrientesdetarde.com\/index.php\/wp-json\/wp\/v2\/posts"}],"about":[{"href":"https:\/\/corrientesdetarde.com\/index.php\/wp-json\/wp\/v2\/types\/post"}],"author":[{"embeddable":true,"href":"https:\/\/corrientesdetarde.com\/index.php\/wp-json\/wp\/v2\/users\/1"}],"replies":[{"embeddable":true,"href":"https:\/\/corrientesdetarde.com\/index.php\/wp-json\/wp\/v2\/comments?post=7583"}],"version-history":[{"count":2,"href":"https:\/\/corrientesdetarde.com\/index.php\/wp-json\/wp\/v2\/posts\/7583\/revisions"}],"predecessor-version":[{"id":7598,"href":"https:\/\/corrientesdetarde.com\/index.php\/wp-json\/wp\/v2\/posts\/7583\/revisions\/7598"}],"wp:attachment":[{"href":"https:\/\/corrientesdetarde.com\/index.php\/wp-json\/wp\/v2\/media?parent=7583"}],"wp:term":[{"taxonomy":"category","embeddable":true,"href":"https:\/\/corrientesdetarde.com\/index.php\/wp-json\/wp\/v2\/categories?post=7583"},{"taxonomy":"post_tag","embeddable":true,"href":"https:\/\/corrientesdetarde.com\/index.php\/wp-json\/wp\/v2\/tags?post=7583"}],"curies":[{"name":"wp","href":"https:\/\/api.w.org\/{rel}","templated":true}]}}