{"id":75831,"date":"2023-07-25T16:43:32","date_gmt":"2023-07-25T19:43:32","guid":{"rendered":"https:\/\/corrientesdetarde.com\/?p=75831"},"modified":"2023-07-25T16:43:43","modified_gmt":"2023-07-25T19:43:43","slug":"el-papa-francisco-hablo-del-futuro-de-argentina-el-problema-somos-nosotros","status":"publish","type":"post","link":"https:\/\/corrientesdetarde.com\/index.php\/internacionales\/el-papa-francisco-hablo-del-futuro-de-argentina-el-problema-somos-nosotros\/","title":{"rendered":"El papa Francisco habl\u00f3 del futuro de Argentina: &#8220;El problema somos nosotros&#8221;"},"content":{"rendered":"\n<p>El Santo Padre convers\u00f3 con un grupo de j\u00f3venes argentinos durante un encuentro con feligreses de todo el mundo, que fueron publicadas por el Vaticano en un podcast.<\/p>\n\n\n\n<p>Papa Francisco con bandera argentina<\/p>\n\n\n\n<p>El papa&nbsp;<strong>Francisco&nbsp;<\/strong>mantuvo un encuentro con j\u00f3venes cat\u00f3licos de todo el mundo, en el que hab\u00eda un grupo de argentinos con los que habl\u00f3 sobre el futuro del pa\u00eds, a pocos d\u00edas de una nueva elecci\u00f3n.<\/p>\n\n\n\n<p>Seg\u00fan trascendi\u00f3 a trav\u00e9s del podcast que publica el Dicasterio de la Comunicaci\u00f3n del Vaticano, una joven llamada Arianna le consult\u00f3 al sumo pont\u00edfice c\u00f3mo se podr\u00eda hacer\u00a0<strong>\u201cpara tener un pa\u00eds mejor\u201d.<\/strong><\/p>\n\n\n\n<p>\u201cTe cuento una historia, una vez fueron los \u00e1ngeles a encontrar a Dios y a lamentarse. Le dijeron: &#8216;t\u00fa, padre eterno, sos injusto, porque a todos nosotros nos has dado una cosa de riqueza, ya sea el campo, las vacas, la miner\u00eda, o la pesca pero a los argentinos les has dado todo.&nbsp;<strong>Porque la Argentina en rica en pesca, en minerales&#8217;\u201d<\/strong>, comenz\u00f3 diciendo Francisco.<\/p>\n\n\n\n<p>Y agreg\u00f3:&nbsp;<strong>\u201cY el eterno padre dicen que respondi\u00f3: &#8216;Me di cuenta de eso y para balancear les di a los argentinos&#8217;\u201d<\/strong>.<\/p>\n\n\n\n<p>Tras el paso de humor, el papa asegur\u00f3: \u201cEl problema de la Argentina somos nosotros, que tantas veces no tenemos la fuerza para ir adelante, para ser constantes en ir adelante. Cuando una cosa no funciona, cambiamos\u201d.<\/p>\n\n\n\n<p><strong>Es sabido que Bergoglio es fan\u00e1tico del f\u00fatbol y decidi\u00f3 ejemplificar el trabajo que se necesita realizar en la pa\u00eds con el camino de la Selecci\u00f3n Argentina de Futbol durante el mundial de Qatar.&nbsp;<\/strong>\u201cMir\u00e1 el \u00faltimo mundial, los partidos contra Holanda y contra Francia. Con Holanda al inicio, el primer tiempo, era 2 a 0, bell\u00edsimo. Pero \u00bfqu\u00e9 hicieron los argentinos? (Dijeron) &#8216;ya ganamos&#8217;, y al final ganaron por un penal\u201d, rememor\u00f3.<\/p>\n\n\n\n<p>\u201cCon Francia, 3 a 1, &#8216;ya ganamos&#8217;.<strong>&nbsp;Pero faltaba el segundo tiempo, y al final ganaron por un penal. Creemos que la cosa termina porque nos cansamos en el camino y nos frenamos a mitad. Adelante, siempre hay que mirar el final del camino\u201d,<\/strong>&nbsp;concluy\u00f3.<\/p>\n","protected":false},"excerpt":{"rendered":"<p>El Santo Padre convers\u00f3 con un grupo de j\u00f3venes argentinos durante un encuentro con feligreses de todo el mundo, que fueron publicadas por el Vaticano en un podcast. Papa Francisco&hellip; <\/p>\n","protected":false},"author":8,"featured_media":75832,"comment_status":"closed","ping_status":"open","sticky":false,"template":"","format":"standard","meta":{"footnotes":""},"categories":[11],"tags":[],"class_list":["post-75831","post","type-post","status-publish","format-standard","has-post-thumbnail","hentry","category-internacionales"],"_links":{"self":[{"href":"https:\/\/corrientesdetarde.com\/index.php\/wp-json\/wp\/v2\/posts\/75831","targetHints":{"allow":["GET"]}}],"collection":[{"href":"https:\/\/corrientesdetarde.com\/index.php\/wp-json\/wp\/v2\/posts"}],"about":[{"href":"https:\/\/corrientesdetarde.com\/index.php\/wp-json\/wp\/v2\/types\/post"}],"author":[{"embeddable":true,"href":"https:\/\/corrientesdetarde.com\/index.php\/wp-json\/wp\/v2\/users\/8"}],"replies":[{"embeddable":true,"href":"https:\/\/corrientesdetarde.com\/index.php\/wp-json\/wp\/v2\/comments?post=75831"}],"version-history":[{"count":1,"href":"https:\/\/corrientesdetarde.com\/index.php\/wp-json\/wp\/v2\/posts\/75831\/revisions"}],"predecessor-version":[{"id":75833,"href":"https:\/\/corrientesdetarde.com\/index.php\/wp-json\/wp\/v2\/posts\/75831\/revisions\/75833"}],"wp:featuredmedia":[{"embeddable":true,"href":"https:\/\/corrientesdetarde.com\/index.php\/wp-json\/wp\/v2\/media\/75832"}],"wp:attachment":[{"href":"https:\/\/corrientesdetarde.com\/index.php\/wp-json\/wp\/v2\/media?parent=75831"}],"wp:term":[{"taxonomy":"category","embeddable":true,"href":"https:\/\/corrientesdetarde.com\/index.php\/wp-json\/wp\/v2\/categories?post=75831"},{"taxonomy":"post_tag","embeddable":true,"href":"https:\/\/corrientesdetarde.com\/index.php\/wp-json\/wp\/v2\/tags?post=75831"}],"curies":[{"name":"wp","href":"https:\/\/api.w.org\/{rel}","templated":true}]}}