{"id":75853,"date":"2023-07-25T17:36:45","date_gmt":"2023-07-25T20:36:45","guid":{"rendered":"https:\/\/corrientesdetarde.com\/?p=75853"},"modified":"2023-07-25T17:36:51","modified_gmt":"2023-07-25T20:36:51","slug":"la-justicia-dio-de-baja-a-217-precandidatos-que-se-anotaron-en-cargos-simultaneos-para-competir-en-las-paso","status":"publish","type":"post","link":"https:\/\/corrientesdetarde.com\/index.php\/nacionales\/la-justicia-dio-de-baja-a-217-precandidatos-que-se-anotaron-en-cargos-simultaneos-para-competir-en-las-paso\/","title":{"rendered":"La Justicia dio de baja a 217 precandidatos que se anotaron en cargos simult\u00e1neos para competir en las PASO"},"content":{"rendered":"\n<p>El Juzgado Federal N\u00b01 de La Plata detect\u00f3 que varias agrupaciones ten\u00edan en sus listas a personas que figuraban en categor\u00edas de orden nacional, provincial y municipal a la misma vez.<\/p>\n\n\n\n<p>Luego de haber sido intimados por la Justicia,\u00a0<strong>217\u00a0precandidatos <\/strong><strong>dieron de baja su participaci\u00f3n en las elecciones\u00a0<\/strong>Primarias, Abiertas, Simultaneas y Obligatorias (paso) en la provincia de Buenos Aires.<\/p>\n\n\n\n<p>La situaci\u00f3n se dio tras el entrecruzamiento de las casi 40.000 precandidaturas oficializadas por la Junta Electoral del distrito. All\u00ed, el Juzgado Federal N\u00b01 de La Plata con competencia electoral, a cargo de Alejo Ramos Padilla, detect\u00f3 que varias agrupaciones ten\u00edan en sus listas a personas que<strong>\u00a0figuraban como precandidatos simult\u00e1neamente en categor\u00edas de orden nacional, provincial y municipal;\u00a0<\/strong>mientras que algunas aparec\u00edan como precandidatos en distintas listas internas del mismo partido y, en otras ocasiones, en agrupaciones diferentes.<\/p>\n\n\n\n<p>Tras ello, intim\u00f3 a 15 de ellas a<strong>&nbsp;regularizar sus n\u00f3minas y les otorg\u00f3 un plazo de 12 horas para que presentaran la readecuaci\u00f3n de acuerdo a la normativa vigente,&nbsp;<\/strong>seg\u00fan detalla el escrito del Poder Judicial.<\/p>\n\n\n\n<p>Se tratan de \u201cFrente de Izquierda y de Trabajadores-Unidad\u201d, \u201cFrente Patriota Federal\u201d, partido \u201cConfianza P\u00fablica\u201d, partido \u201cTodos por Buenos Aires\u201d, partido \u201cBuenos Aires Primero\u201d, alianza \u201cHacemos por nuestro pa\u00eds\u201d, partido \u201cProyecto Joven\u201d, partido \u201cConstruyendo Porvenir\u201d y partido \u201cJusticia y Dignidad Patri\u00f3tica, de acuerdo a lo detallado.<\/p>\n\n\n\n<figure class=\"wp-block-image\"><img decoding=\"async\" src=\"https:\/\/tn.com.ar\/resizer\/CjCIkC79mRk4AWs6cUk6ZSFF474=\/767x0\/smart\/filters:format(webp)\/cloudfront-us-east-1.images.arcpublishing.com\/artear\/RREL3N53FNFAPNWPPH3IPREDYE.png\" alt=\"El Juzgado electoral orden\u00f3 que las agrupaciones intimadas regularicen sus listas. (Foto: Twitter @InfoDINE)\"\/><\/figure>\n\n\n\n<p>Adem\u00e1s, est\u00e1n involucrados el \u201cPartido Unidad Social\u201d, partido \u201cMovimiento de Avanzada Socialista\u201d, partido \u201cPol\u00edtica Obrera\u201d, partido \u201cMovimiento de Organizaci\u00f3n Democr\u00e1tica\u201d, partido \u201cVocaci\u00f3n Social\u201d y partido \u201cPol\u00edtica Abierta para la Integridad Social\u201d.<\/p>\n\n\n\n<p>El Juzgado sostuvo luego de analizar las candidaturas que, tanto el art\u00edculo 22 de la ley nacional 26.571 como el art\u00edculo 3 de la ley provincial 14.086 establecen que \u201clos precandidatos que se presenten en las elecciones primarias<strong>&nbsp;solo pueden hacerlo en las de una agrupaci\u00f3n pol\u00edtica y para una sola categor\u00eda de cargos electivos\u201d.<\/strong><\/p>\n\n\n\n<p>Tambi\u00e9n solicit\u00f3 la colaboraci\u00f3n de la Administraci\u00f3n Federal de Ingresos P\u00fablicos (AFIP), debido a que comenz\u00f3 a recopilar la informaci\u00f3n sobre el circuito de impresi\u00f3n de las boletas, desde la importaci\u00f3n del papel hasta su entrega con motivo de verificar la trazabilidad y transparencia en el uso de los fondos p\u00fablicos y las contrataciones de las imprentas.<\/p>\n","protected":false},"excerpt":{"rendered":"<p>El Juzgado Federal N\u00b01 de La Plata detect\u00f3 que varias agrupaciones ten\u00edan en sus listas a personas que figuraban en categor\u00edas de orden nacional, provincial y municipal a la misma&hellip; <\/p>\n","protected":false},"author":8,"featured_media":75854,"comment_status":"closed","ping_status":"open","sticky":false,"template":"","format":"standard","meta":{"footnotes":""},"categories":[10],"tags":[],"class_list":["post-75853","post","type-post","status-publish","format-standard","has-post-thumbnail","hentry","category-nacionales"],"_links":{"self":[{"href":"https:\/\/corrientesdetarde.com\/index.php\/wp-json\/wp\/v2\/posts\/75853","targetHints":{"allow":["GET"]}}],"collection":[{"href":"https:\/\/corrientesdetarde.com\/index.php\/wp-json\/wp\/v2\/posts"}],"about":[{"href":"https:\/\/corrientesdetarde.com\/index.php\/wp-json\/wp\/v2\/types\/post"}],"author":[{"embeddable":true,"href":"https:\/\/corrientesdetarde.com\/index.php\/wp-json\/wp\/v2\/users\/8"}],"replies":[{"embeddable":true,"href":"https:\/\/corrientesdetarde.com\/index.php\/wp-json\/wp\/v2\/comments?post=75853"}],"version-history":[{"count":1,"href":"https:\/\/corrientesdetarde.com\/index.php\/wp-json\/wp\/v2\/posts\/75853\/revisions"}],"predecessor-version":[{"id":75855,"href":"https:\/\/corrientesdetarde.com\/index.php\/wp-json\/wp\/v2\/posts\/75853\/revisions\/75855"}],"wp:featuredmedia":[{"embeddable":true,"href":"https:\/\/corrientesdetarde.com\/index.php\/wp-json\/wp\/v2\/media\/75854"}],"wp:attachment":[{"href":"https:\/\/corrientesdetarde.com\/index.php\/wp-json\/wp\/v2\/media?parent=75853"}],"wp:term":[{"taxonomy":"category","embeddable":true,"href":"https:\/\/corrientesdetarde.com\/index.php\/wp-json\/wp\/v2\/categories?post=75853"},{"taxonomy":"post_tag","embeddable":true,"href":"https:\/\/corrientesdetarde.com\/index.php\/wp-json\/wp\/v2\/tags?post=75853"}],"curies":[{"name":"wp","href":"https:\/\/api.w.org\/{rel}","templated":true}]}}