{"id":75856,"date":"2023-07-25T17:46:51","date_gmt":"2023-07-25T20:46:51","guid":{"rendered":"https:\/\/corrientesdetarde.com\/?p=75856"},"modified":"2023-07-25T17:46:55","modified_gmt":"2023-07-25T20:46:55","slug":"cual-es-la-ultima-chance-que-tiene-l-gante-para-dejar-la-carcel-antes-del-juicio","status":"publish","type":"post","link":"https:\/\/corrientesdetarde.com\/index.php\/espectaculos\/cual-es-la-ultima-chance-que-tiene-l-gante-para-dejar-la-carcel-antes-del-juicio\/","title":{"rendered":"Cu\u00e1l es la \u00faltima chance que tiene L-Gante para dejar la c\u00e1rcel antes del juicio"},"content":{"rendered":"\n<p> letrado Juan Pablo Merlo conto las opciones que maneja para evitar que el m\u00fasico siga preso tras la decisi\u00f3n de la C\u00e1mara de Mercedes.<\/p>\n\n\n\n<p><a href=\"https:\/\/tn.com.ar\/autor\/Martin+Pazos\/\"><\/a>El rev\u00e9s judicial que recibi\u00f3\u00a0L-Gante\u00a0este martes\u00a0fue contundente: la\u00a0<strong>C\u00e1mara de Apelaciones de Mercedes<\/strong>\u00a0decidi\u00f3 que el m\u00fasico\u00a0<strong>siguiera preso en la DDI de Quilmes<\/strong>, rechazando la prisi\u00f3n domiciliaria extraordinaria que hab\u00eda dispuesto el juez de Garant\u00edas<strong>\u00a0Gabriel Castro.<\/strong><\/p>\n\n\n\n<p>Frente a esta dif\u00edcil situaci\u00f3n procesal,<strong>\u00a0<\/strong>nos comunicamos con el abogado del referente de la\u00a0<strong>Cumbia 420\u00a0<\/strong>para saber<strong>\u00a0qu\u00e9 opciones le quedan al m\u00fasico<\/strong>\u00a0para dejar la c\u00e1rcel antes del juicio oral.<\/p>\n\n\n\n<h2 class=\"wp-block-heading\">Qu\u00e9 dijo el abogado de L-Gante sobre la situaci\u00f3n del m\u00fasico<\/h2>\n\n\n\n<p>Juan Pablo Merlo confirm\u00f3 que van a apelar la decisi\u00f3n judicial de la C\u00e1mara de Apelaciones de Mercedes a la C\u00e1mara de Casaci\u00f3n Bonaerense, la \u00faltima de las posibilidades que le quedan. \u201c<strong>Estamos armando el recurso<\/strong>\u00a0y pasando a la otra instancia\u201d, explic\u00f3 el representante legal del cantante.<\/p>\n\n\n\n<p>El abogado dijo que esto \u201cno lo esperaba\u201d. \u201cNo est\u00e1bamos hablando de que lo dejaran en libertad sino que lo dejaran con prisi\u00f3n domiciliaria y monitoreado. Es decir, preso en su casa.&nbsp;<strong>De ninguna manera corresponde que siga detenido,<\/strong>&nbsp;pero es lo que la<strong>&nbsp;C\u00e1mara de Apelaciones de Mercedes dictamin\u00f3<\/strong>\u201d, coment\u00f3 Merlo.<\/p>\n\n\n\n<figure class=\"wp-block-image\"><img decoding=\"async\" src=\"https:\/\/tn.com.ar\/resizer\/zAduebGwEFVefiqlMWDsjJozv_s=\/767x0\/smart\/filters:format(webp)\/cloudfront-us-east-1.images.arcpublishing.com\/artear\/DUKR54OOCBFSRNLDUEXPDBJRQY.jpg\" alt=\"L-Gante, sonriendo, muestra las esposas que tiene puestas. (Foto: captura de eltrece)\"\/><\/figure>\n\n\n\n<p>En el entorno de L-Gante se cre\u00eda que el m\u00fasico estaba a punto de salir de la c\u00e1rcel donde est\u00e1 preso desde el 6 de junio, algo que finalmente sigue sin ocurrir. El cantante est\u00e1 acusado de privaci\u00f3n ileg\u00edtima de la libertad y amenazas, a lo que se sum\u00f3 la semana pasada otra denuncia por\u00a0<strong>\u201cencubrimiento agravado por el \u00e1nimo de lucro\u201d, al encontr\u00e1rsele un celular robado cuando lo detuvieron.<\/strong><\/p>\n\n\n\n<p><strong>La disposici\u00f3n del juez Castro hab\u00eda sido permitir que se alojara&nbsp;<\/strong>en una casa de un country de la localidad de&nbsp;<strong>Canning<\/strong>, en el partido bonaerense de Ezeiza. All\u00ed deb\u00eda deb\u00eda permanecer con<strong>&nbsp;tobillera electr\u00f3nica para controlar sus movimientos,&nbsp;<\/strong>pero los doctores Leonardo Sigal y Pablo Becerra solicitaron que se revoque esta determinaci\u00f3n.<\/p>\n\n\n\n<p>\u201cConsideran sensible entender que beneficiar a un imputado tambi\u00e9n puede beneficiar a la v\u00edctima, en relaci\u00f3n al fundamento de que si Valenzuela es pasible de tal medida, se terminar\u00edan las amenazas en contra de las v\u00edctimas y sus letrados. Sostiene que los peligros de fuga y<strong>&nbsp;entorpecimiento probatorio<\/strong>, por el momento, no pueden evitarse con&nbsp;<strong>la aplicaci\u00f3n de otra medida menos gravosa<\/strong>\u201d, asegur\u00f3 el fallo de la Sala I de la C\u00e1mara de Apelaciones de Mercedes.<\/p>\n\n\n\n<h2 class=\"wp-block-heading\">Por qu\u00e9 fue detenido L-Gante<\/h2>\n\n\n\n<p>La denuncia que deriv\u00f3 en la detenci\u00f3n del cantante fue realizada el 27 de mayo por Torres, vecino de la familia de Valenzuela, que vive en el barrio Bicentenario de General Rodr\u00edguez, en el oeste del conurbano. Esa ma\u00f1ana, a la salida del local bailable \u201cR\u00edo\u201d ubicado en esa localidad,&nbsp;<strong>hubo un incidente con varios j\u00f3venes&nbsp;<\/strong>integrantes de la denominada<strong>&nbsp;\u201cLa Mafilia\u201d<\/strong>, el grupo de amigos y m\u00fasicos al que pertenece L-Gante.<\/p>\n\n\n\n<figure class=\"wp-block-image\"><img decoding=\"async\" src=\"https:\/\/tn.com.ar\/resizer\/lsQBBjaobXS-_LvyT4OwmN00XT0=\/767x0\/smart\/filters:format(webp)\/cloudfront-us-east-1.images.arcpublishing.com\/artear\/WGYPTQTTS5EJHP4J6T7ZOYKLAM.jpg\" alt=\"L-Gante so\u00f1aba con quedar en libertad, pero eso no ser\u00e1 posible. (Foto: instagram\/lgante_keloke)\"\/><\/figure>\n\n\n\n<p>Cuando Torres se retir\u00f3 del boliche para ir a su casa,\u00a0<strong>comenz\u00f3 a recibir amenazas por parte de Eli\u00e1n Valenzuela<\/strong>\u00a0y, tras ello, integrantes de ese mismo grupo fueron hasta su casa y lo agredieron f\u00edsicamente tanto a \u00e9l como a su familia, puntualiza la denuncia. Luego, pas\u00f3 un BMW blanco conducido por el artista, que baj\u00f3 el vidrio,\u00a0<strong>le apunt\u00f3 con un arma y lo hizo subir al auto<\/strong>, acus\u00f3 el denunciante.<\/p>\n\n\n\n<p>Despu\u00e9s, algunos miembros de \u201cLa Mafilia\u201d fueron demorados por la Polic\u00eda y L-Gante volvi\u00f3 hacia donde estaba el m\u00f3vil, baj\u00f3 el vidrio y les hizo una exigencia a los agentes.&nbsp;<strong>\u201cLargame a los pibes o a \u00e9ste te lo mato\u201d<\/strong>, lanz\u00f3, en referencia a la v\u00edctima que estaba retenida dentro de su BMW. De acuerdo a la denuncia, Torres estuvo 23 minutos cautivo hasta que el m\u00fasico recibi\u00f3 una llamada en la que le aseguraban que sus amigos hab\u00edan sido liberados por la Polic\u00eda y solt\u00f3 a las v\u00edctimas.<\/p>\n","protected":false},"excerpt":{"rendered":"<p>letrado Juan Pablo Merlo conto las opciones que maneja para evitar que el m\u00fasico siga preso tras la decisi\u00f3n de la C\u00e1mara de Mercedes. El rev\u00e9s judicial que recibi\u00f3\u00a0L-Gante\u00a0este martes\u00a0fue&hellip; <\/p>\n","protected":false},"author":8,"featured_media":75857,"comment_status":"closed","ping_status":"open","sticky":false,"template":"","format":"standard","meta":{"footnotes":""},"categories":[19],"tags":[],"class_list":["post-75856","post","type-post","status-publish","format-standard","has-post-thumbnail","hentry","category-espectaculos"],"_links":{"self":[{"href":"https:\/\/corrientesdetarde.com\/index.php\/wp-json\/wp\/v2\/posts\/75856","targetHints":{"allow":["GET"]}}],"collection":[{"href":"https:\/\/corrientesdetarde.com\/index.php\/wp-json\/wp\/v2\/posts"}],"about":[{"href":"https:\/\/corrientesdetarde.com\/index.php\/wp-json\/wp\/v2\/types\/post"}],"author":[{"embeddable":true,"href":"https:\/\/corrientesdetarde.com\/index.php\/wp-json\/wp\/v2\/users\/8"}],"replies":[{"embeddable":true,"href":"https:\/\/corrientesdetarde.com\/index.php\/wp-json\/wp\/v2\/comments?post=75856"}],"version-history":[{"count":1,"href":"https:\/\/corrientesdetarde.com\/index.php\/wp-json\/wp\/v2\/posts\/75856\/revisions"}],"predecessor-version":[{"id":75858,"href":"https:\/\/corrientesdetarde.com\/index.php\/wp-json\/wp\/v2\/posts\/75856\/revisions\/75858"}],"wp:featuredmedia":[{"embeddable":true,"href":"https:\/\/corrientesdetarde.com\/index.php\/wp-json\/wp\/v2\/media\/75857"}],"wp:attachment":[{"href":"https:\/\/corrientesdetarde.com\/index.php\/wp-json\/wp\/v2\/media?parent=75856"}],"wp:term":[{"taxonomy":"category","embeddable":true,"href":"https:\/\/corrientesdetarde.com\/index.php\/wp-json\/wp\/v2\/categories?post=75856"},{"taxonomy":"post_tag","embeddable":true,"href":"https:\/\/corrientesdetarde.com\/index.php\/wp-json\/wp\/v2\/tags?post=75856"}],"curies":[{"name":"wp","href":"https:\/\/api.w.org\/{rel}","templated":true}]}}