{"id":75859,"date":"2023-07-25T17:52:02","date_gmt":"2023-07-25T20:52:02","guid":{"rendered":"https:\/\/corrientesdetarde.com\/?p=75859"},"modified":"2023-07-25T17:52:13","modified_gmt":"2023-07-25T20:52:13","slug":"el-gobernador-valdes-le-planteo-a-patricia-bullrich-cuales-son-las-necesidades-de-corrientes","status":"publish","type":"post","link":"https:\/\/corrientesdetarde.com\/index.php\/locales\/el-gobernador-valdes-le-planteo-a-patricia-bullrich-cuales-son-las-necesidades-de-corrientes\/","title":{"rendered":"El gobernador Vald\u00e9s le plante\u00f3 a Patricia Bullrich cu\u00e1les son las necesidades de Corrientes"},"content":{"rendered":"\n<p>El gobernador Gustavo Vald\u00e9s recibi\u00f3 este martes en el Club San Mart\u00edn de la ciudad Capital, a la precandidata a presidente de la Naci\u00f3n, Patricia Bullrich, con quien brind\u00f3 una conferencia de prensa, poniendo acento sobre los aportes que deber\u00eda hacer la Naci\u00f3n a Corrientes en materia de infraestructura vial y energ\u00e9tica. Y la postulante de Juntos por el Cambio, le respondi\u00f3 all\u00ed que que &#8220;vamos a tener un di\u00e1logo permanente para trabajar en equipo, y que Corrientes deje de ser una provincia discriminada&#8221;, y en este marco, puntualizando sobre Yacyret\u00e1, explicit\u00f3 cu\u00e1l es su compromiso sobre la futura conducci\u00f3n de la representaci\u00f3n argentina en la Entidad Binacional, al afirmar que &#8220;ahora le toca a Corrientes&#8221;.<\/p>\n\n\n\n<p>Pasadas las 14, Bullrich lleg\u00f3 al club San Mart\u00edn para encabezar un acto en el marco de su campa\u00f1a como precandidata presidencial de Juntos por el Cambio. Fue&nbsp;&nbsp;all\u00ed recibida por el mandatario provincial y antes de hablar ante la militancia que colm\u00f3 el sal\u00f3n Lapacho del club rojinegro, ambos ofrecieron una conferencia de prensa en el restaurante contiguo. Los acompa\u00f1aron en la ocasi\u00f3n, el vicegobernador Pedro Braillard Poccard, y los precandidatos a&nbsp;diputados nacionales Alfredo Vallejos e Ingrid Jetter, y parlamentaria del Mercosur, Ana Mi\u00f1o.<br>Al momento de las preguntas sobre las PASO, Vald\u00e9s manifest\u00f3 que \u201cestamos trabajando: somos soldados, a lo mejor porque de ac\u00e1 salieron los Granaderos y el General San Mart\u00edn, as\u00ed que creo estamos preparados para construir la Argentina\u201d. Afirm\u00f3 que \u201cmucha de la responsabilidad que tenemos luego de haber recibido el acompa\u00f1amiento de tantos correntinos, justamente es eso: responsabilidad para gobernar la provincia de Corrientes, y llevarla a buen puerto, con n\u00fameros equilibrados, con buen volumen de obra p\u00fablica, que son con nuestros recursos, y por eso nos sentimos absolutamente discriminados con obras que son nacionales, que no es nuevo\u201d.<br>Dijo que Patricia Bullrich \u201csabe lo que pasa, conoce como discrimina el kirchnerismo a Corrientes\u201d. Sin embargo, agreg\u00f3 que \u201ctenemos proyectos, pero primero hay que tener la fortaleza para enderezar a la Rep\u00fablica Argentina, que necesita cambios de rumbos urgentes, porque la pol\u00edtica econ\u00f3mica est\u00e1 fracasando de la mano de Sergio Massa, actual candidato a presidente de la Naci\u00f3n, as\u00ed que lo que no hizo antes no va hacer hacia adelante\u201d.<br>Por eso, \u201ccuando viene un precandidato a presidente de la Naci\u00f3n de nuestro espacio pol\u00edtico, a nosotros nos llena de orgullo, porque son personas \u00edntegras, capaces, que realmente tienen la vocaci\u00f3n de cambio\u201d, remarc\u00f3 Vald\u00e9s. Desde esta Provincia, \u201cestamos para que haya una Argentina diferente, y por supuesto que para que eso suceda, necesitamos tener inversiones en obras de infraestructura, que est\u00e9n relacionadas con el gas, los puentes, el camino, las rutas, que estemos pensando en electroductos que sean fundamentales, en los gasoductos que sean para crecer, pero para eso hay que tener visi\u00f3n, perspectiva de trabajo, que en Corrientes la tenemos ampliamente consensuada con la sociedad civil a trav\u00e9s del Plan Estrat\u00e9gico Participativo&nbsp;Corrientes 2030&#8243;\u201d, cerr\u00f3 el primer Mandatario.&nbsp;<\/p>\n\n\n\n<p>Patricia Bullrich<br>Con respecto al Yacyret\u00e1 Bullrich indic\u00f3 que \u201cya trabajamos muchas cosas en este tema, sobre Ituzaing\u00f3 desde la apertura del puente que era cerrado, porque de verdad era una gran ayuda para que los argentinos pudieran salir m\u00e1s r\u00e1pido, y tener una v\u00eda alternativa a la existente\u201d.<br>\u201cNosotros conocemos la importancia que tiene Yacyret\u00e1, los \u00faltimos (directores) han sido\u00a0misioneros, ahora le toca a Corrientes y adem\u00e1s est\u00e1 en Corrientes, eso es algo muy importante que se entienda, porque muchas provincias que tienen hidroel\u00e9ctrica est\u00e1n pidiendo participaci\u00f3n\u201d, recalc\u00f3 Bullrich y considerando que \u201cuna provincia que cedi\u00f3 la posibilidad de tener una obra tan trascendental tiene que tener poder y decisi\u00f3n sobre esa obra\u201d.<br>\u201cHay otros temas para debatir con respecto a cu\u00e1l es la participaci\u00f3n en determinados institutos que siempre est\u00e1n de un solo lado\u201d, puntualiz\u00f3 la candidata y sostuvo que \u201cvamos a trabajar para que realmente haya una participaci\u00f3n de Corrientes en los espacios que tenga un inter\u00e9s concreto por su econom\u00eda, por su gente, y su realidad\u201d.<br>\u201cEl compromiso y lo hablado con el Gobernador es un compromiso, vamos a tener un di\u00e1logo permanente para trabajar en equipo, y que deje de ser una provincia discriminada\u201d, subray\u00f3 Bullrich.<br>Seguidamente, la candidata a presidente al ser consultada sobre el respaldo en el Congreso que necesitar\u00eda de ser electa presidente, sostuvo que \u201ccuando uno toma la decisi\u00f3n de participar de unas elecciones primarias, como en las que estamos participando, tiene de entrada las reglas del juego, y es la gente la que elige sobre qui\u00e9n tiene las mejores propuestas y condiciones para gobernar el pa\u00eds\u201d.<br>\u201cLas condiciones b\u00e1sicas de participar en primarias es aceptar el resultado, lo que significa que el que pierde debe aceptar en formar parte del equipo que va a gobernar, y el que gana tiene que ser abierto y generoso\u201d, asegur\u00f3 y para terminar, remarc\u00f3 que \u201cel d\u00eda despu\u00e9s de las Paso arranca Juntos por el Cambio decidiendo un nuevo liderazgo, que es un gran desaf\u00edo porque necesitamos que en los pr\u00f3ximos cuatro a\u00f1os sean de un verdadero cambio, y desde ah\u00ed arranca un nuevo momento con todos juntos\u201d.<\/p>\n\n\n\n<figure class=\"wp-block-image size-large\"><img loading=\"lazy\" decoding=\"async\" width=\"1024\" height=\"683\" src=\"https:\/\/corrientesdetarde.com\/wp-content\/uploads\/2023\/07\/image-620-1024x683.png\" alt=\"\" class=\"wp-image-75860\" srcset=\"https:\/\/corrientesdetarde.com\/wp-content\/uploads\/2023\/07\/image-620-1024x683.png 1024w, https:\/\/corrientesdetarde.com\/wp-content\/uploads\/2023\/07\/image-620-300x200.png 300w, https:\/\/corrientesdetarde.com\/wp-content\/uploads\/2023\/07\/image-620-768x512.png 768w, https:\/\/corrientesdetarde.com\/wp-content\/uploads\/2023\/07\/image-620-1536x1024.png 1536w, https:\/\/corrientesdetarde.com\/wp-content\/uploads\/2023\/07\/image-620.png 1599w\" sizes=\"auto, (max-width: 1024px) 100vw, 1024px\" \/><\/figure>\n\n\n\n<figure class=\"wp-block-image size-large\"><img loading=\"lazy\" decoding=\"async\" width=\"1024\" height=\"683\" src=\"https:\/\/corrientesdetarde.com\/wp-content\/uploads\/2023\/07\/image-621-1024x683.png\" alt=\"\" class=\"wp-image-75861\" srcset=\"https:\/\/corrientesdetarde.com\/wp-content\/uploads\/2023\/07\/image-621-1024x683.png 1024w, https:\/\/corrientesdetarde.com\/wp-content\/uploads\/2023\/07\/image-621-300x200.png 300w, https:\/\/corrientesdetarde.com\/wp-content\/uploads\/2023\/07\/image-621-768x512.png 768w, https:\/\/corrientesdetarde.com\/wp-content\/uploads\/2023\/07\/image-621-1536x1024.png 1536w, https:\/\/corrientesdetarde.com\/wp-content\/uploads\/2023\/07\/image-621.png 1599w\" sizes=\"auto, (max-width: 1024px) 100vw, 1024px\" \/><\/figure>\n","protected":false},"excerpt":{"rendered":"<p>El gobernador Gustavo Vald\u00e9s recibi\u00f3 este martes en el Club San Mart\u00edn de la ciudad Capital, a la precandidata a presidente de la Naci\u00f3n, Patricia Bullrich, con quien brind\u00f3 una&hellip; <\/p>\n","protected":false},"author":8,"featured_media":75860,"comment_status":"closed","ping_status":"open","sticky":false,"template":"","format":"standard","meta":{"footnotes":""},"categories":[8],"tags":[],"class_list":["post-75859","post","type-post","status-publish","format-standard","has-post-thumbnail","hentry","category-locales"],"_links":{"self":[{"href":"https:\/\/corrientesdetarde.com\/index.php\/wp-json\/wp\/v2\/posts\/75859","targetHints":{"allow":["GET"]}}],"collection":[{"href":"https:\/\/corrientesdetarde.com\/index.php\/wp-json\/wp\/v2\/posts"}],"about":[{"href":"https:\/\/corrientesdetarde.com\/index.php\/wp-json\/wp\/v2\/types\/post"}],"author":[{"embeddable":true,"href":"https:\/\/corrientesdetarde.com\/index.php\/wp-json\/wp\/v2\/users\/8"}],"replies":[{"embeddable":true,"href":"https:\/\/corrientesdetarde.com\/index.php\/wp-json\/wp\/v2\/comments?post=75859"}],"version-history":[{"count":1,"href":"https:\/\/corrientesdetarde.com\/index.php\/wp-json\/wp\/v2\/posts\/75859\/revisions"}],"predecessor-version":[{"id":75862,"href":"https:\/\/corrientesdetarde.com\/index.php\/wp-json\/wp\/v2\/posts\/75859\/revisions\/75862"}],"wp:featuredmedia":[{"embeddable":true,"href":"https:\/\/corrientesdetarde.com\/index.php\/wp-json\/wp\/v2\/media\/75860"}],"wp:attachment":[{"href":"https:\/\/corrientesdetarde.com\/index.php\/wp-json\/wp\/v2\/media?parent=75859"}],"wp:term":[{"taxonomy":"category","embeddable":true,"href":"https:\/\/corrientesdetarde.com\/index.php\/wp-json\/wp\/v2\/categories?post=75859"},{"taxonomy":"post_tag","embeddable":true,"href":"https:\/\/corrientesdetarde.com\/index.php\/wp-json\/wp\/v2\/tags?post=75859"}],"curies":[{"name":"wp","href":"https:\/\/api.w.org\/{rel}","templated":true}]}}