{"id":75863,"date":"2023-07-25T17:57:31","date_gmt":"2023-07-25T20:57:31","guid":{"rendered":"https:\/\/corrientesdetarde.com\/?p=75863"},"modified":"2023-07-25T17:57:36","modified_gmt":"2023-07-25T20:57:36","slug":"salud-realizo-una-capacitacion-sobre-la-implementacion-de-los-parches-mamarios","status":"publish","type":"post","link":"https:\/\/corrientesdetarde.com\/index.php\/informacion-general\/salud-realizo-una-capacitacion-sobre-la-implementacion-de-los-parches-mamarios\/","title":{"rendered":"Salud realiz\u00f3 una capacitaci\u00f3n sobre la implementaci\u00f3n de los parches mamarios&nbsp;"},"content":{"rendered":"\n<p>La actividad estuvo destinada a personal de CAPS de la capital y fue en hospital Escuela.&nbsp;Se trata de dispositivos que cuentan con microsensores que captan las diferencias de temperatura de las mamas, siguiendo principios f\u00edsicos termodin\u00e1micos.&nbsp;<\/p>\n\n\n\n<p>En el marco de la campa\u00f1a para el diagn\u00f3stico precoz del C\u00e1ncer de Mama, el Ministerio de Salud P\u00fablica de la Provincia realiz\u00f3 hoy una capacitaci\u00f3n sobre la implementaci\u00f3n de los Parches Mamarios para personal sanitario de Centros de Atenci\u00f3n Primaria (CAPS), de la capital. La actividad se llev\u00f3 a cabo en el hospital escuela Gral. Jos\u00e9 Francisco de San Mart\u00edn.&nbsp;<\/p>\n\n\n\n<p>Estas capacitaciones est\u00e1n destinadas a brindar informaci\u00f3n te\u00f3rica y pr\u00e1ctica sobre esta nueva tecnolog\u00eda, as\u00ed como tambi\u00e9n se realizan reuniones de los distintos equipos para tratar la tem\u00e1tica y log\u00edstica de la campa\u00f1a.&nbsp;<\/p>\n\n\n\n<p>Vale recordar que esta nueva estrategia, de los PADS o Parches Mamarios, es impulsada por el gobernador Gustavo Vald\u00e9s y el ministro de Salud P\u00fablica, Ricardo Cardozo. Los PADS o Parches Mamarios son dispositivos con una innovadora tecnolog\u00eda, que consiste en microsensores que captan las diferencias de temperatura de las mamas, siguiendo principios f\u00edsicos termodin\u00e1micos.&nbsp;<\/p>\n\n\n\n<p>En este sentido, el Gobierno provincial ha gestionado la adquisici\u00f3n de estos dispositivos en el marco de las distintas acciones que se llevan adelante centradas en la salud de la mujer.&nbsp;<\/p>\n\n\n\n<p>Vale recordar que estos dispositivos (parches) est\u00e1n disponibles en los hospitales de Empedrado, Saladas, Goya, Sauce, Curuz\u00fa Cuati\u00e1, Monte Caseros, Ituzaing\u00f3, Paso de los Libres, Santo Tom\u00e9, Bella Vista,&nbsp;&nbsp;Mocoret\u00e1, El Sombrero e Itat\u00ed y, en el hospital J. R. Vidal y en los CAPS de la capital y en el hospital de Virasoro.&nbsp;<\/p>\n\n\n\n<figure class=\"wp-block-image size-large\"><img loading=\"lazy\" decoding=\"async\" width=\"1024\" height=\"683\" src=\"https:\/\/corrientesdetarde.com\/wp-content\/uploads\/2023\/07\/image-622-1024x683.png\" alt=\"\" class=\"wp-image-75864\" srcset=\"https:\/\/corrientesdetarde.com\/wp-content\/uploads\/2023\/07\/image-622-1024x683.png 1024w, https:\/\/corrientesdetarde.com\/wp-content\/uploads\/2023\/07\/image-622-300x200.png 300w, https:\/\/corrientesdetarde.com\/wp-content\/uploads\/2023\/07\/image-622-768x512.png 768w, https:\/\/corrientesdetarde.com\/wp-content\/uploads\/2023\/07\/image-622-1536x1024.png 1536w, https:\/\/corrientesdetarde.com\/wp-content\/uploads\/2023\/07\/image-622.png 1620w\" sizes=\"auto, (max-width: 1024px) 100vw, 1024px\" \/><\/figure>\n\n\n\n<figure class=\"wp-block-image size-large\"><img loading=\"lazy\" decoding=\"async\" width=\"1024\" height=\"683\" src=\"https:\/\/corrientesdetarde.com\/wp-content\/uploads\/2023\/07\/image-623-1024x683.png\" alt=\"\" class=\"wp-image-75865\" srcset=\"https:\/\/corrientesdetarde.com\/wp-content\/uploads\/2023\/07\/image-623-1024x683.png 1024w, https:\/\/corrientesdetarde.com\/wp-content\/uploads\/2023\/07\/image-623-300x200.png 300w, https:\/\/corrientesdetarde.com\/wp-content\/uploads\/2023\/07\/image-623-768x512.png 768w, https:\/\/corrientesdetarde.com\/wp-content\/uploads\/2023\/07\/image-623-1536x1024.png 1536w, https:\/\/corrientesdetarde.com\/wp-content\/uploads\/2023\/07\/image-623.png 1620w\" sizes=\"auto, (max-width: 1024px) 100vw, 1024px\" \/><\/figure>\n","protected":false},"excerpt":{"rendered":"<p>La actividad estuvo destinada a personal de CAPS de la capital y fue en hospital Escuela.&nbsp;Se trata de dispositivos que cuentan con microsensores que captan las diferencias de temperatura de&hellip; <\/p>\n","protected":false},"author":8,"featured_media":75864,"comment_status":"closed","ping_status":"open","sticky":false,"template":"","format":"standard","meta":{"footnotes":""},"categories":[1],"tags":[],"class_list":["post-75863","post","type-post","status-publish","format-standard","has-post-thumbnail","hentry","category-informacion-general"],"_links":{"self":[{"href":"https:\/\/corrientesdetarde.com\/index.php\/wp-json\/wp\/v2\/posts\/75863","targetHints":{"allow":["GET"]}}],"collection":[{"href":"https:\/\/corrientesdetarde.com\/index.php\/wp-json\/wp\/v2\/posts"}],"about":[{"href":"https:\/\/corrientesdetarde.com\/index.php\/wp-json\/wp\/v2\/types\/post"}],"author":[{"embeddable":true,"href":"https:\/\/corrientesdetarde.com\/index.php\/wp-json\/wp\/v2\/users\/8"}],"replies":[{"embeddable":true,"href":"https:\/\/corrientesdetarde.com\/index.php\/wp-json\/wp\/v2\/comments?post=75863"}],"version-history":[{"count":1,"href":"https:\/\/corrientesdetarde.com\/index.php\/wp-json\/wp\/v2\/posts\/75863\/revisions"}],"predecessor-version":[{"id":75866,"href":"https:\/\/corrientesdetarde.com\/index.php\/wp-json\/wp\/v2\/posts\/75863\/revisions\/75866"}],"wp:featuredmedia":[{"embeddable":true,"href":"https:\/\/corrientesdetarde.com\/index.php\/wp-json\/wp\/v2\/media\/75864"}],"wp:attachment":[{"href":"https:\/\/corrientesdetarde.com\/index.php\/wp-json\/wp\/v2\/media?parent=75863"}],"wp:term":[{"taxonomy":"category","embeddable":true,"href":"https:\/\/corrientesdetarde.com\/index.php\/wp-json\/wp\/v2\/categories?post=75863"},{"taxonomy":"post_tag","embeddable":true,"href":"https:\/\/corrientesdetarde.com\/index.php\/wp-json\/wp\/v2\/tags?post=75863"}],"curies":[{"name":"wp","href":"https:\/\/api.w.org\/{rel}","templated":true}]}}